{"id":1818,"date":"2022-07-19T10:57:25","date_gmt":"2022-07-19T08:57:25","guid":{"rendered":"https:\/\/www.studiouckmar.com\/abogado-prof-victor-uckmar\/"},"modified":"2024-10-01T11:30:40","modified_gmt":"2024-10-01T09:30:40","slug":"abogado-prof-victor-uckmar","status":"publish","type":"post","link":"https:\/\/www.studiouckmar.com\/es\/abogado-prof-victor-uckmar\/","title":{"rendered":"Prof. Abogado Victor Uckmar"},"content":{"rendered":"\n<p><\/p>\n\n<h3 class=\"wp-block-heading\"><strong>1925-2016<\/strong><\/h3>\n\n<hr class=\"wp-block-separator has-alpha-channel-opacity\"\/>\n\n<div style=\"height:30px\" aria-hidden=\"true\" class=\"wp-block-spacer\"><\/div>\n\n<h5 class=\"wp-block-heading\">SEDE CENTRAL<\/h5>\n\n<p><br\/>Correo electr\u00f3nico de <strong>G\u00e9nova<\/strong><a href=\"mailto:studioge@uckmar.com\"> studioge@uckmar.com<\/a><\/p>\n\n<div style=\"height:30px\" aria-hidden=\"true\" class=\"wp-block-spacer\"><\/div>\n\n<h5 class=\"wp-block-heading\">ESTUDIOS Y PROFESI\u00d3N<\/h5>\n\n<p>&#8211; Licenciado en Derecho con honores por la Universidad de G\u00e9nova.<br\/>&#8211; Profesor em\u00e9rito de la Universidad de G\u00e9nova.<br\/>&#8211; Profesor contratado en la Universidad de Roma &#8211; LUISS (Derecho fiscal de la UE).<br\/>&#8211; Profesor adjunto en la Universidad de Macerata (Derecho Fiscal).<br\/>&#8211; Director del Instituto de derecho tributario de la Universidad de Salta.<br\/>&#8211; T\u00edtulo honor\u00edfico Universidad de Buenos Aires (UBA).<\/p>\n\n<div style=\"height:30px\" aria-hidden=\"true\" class=\"wp-block-spacer\"><\/div>\n\n<h5 class=\"wp-block-heading\">ADVOCATE<\/h5>\n\n<p>&#8211; Editor de las revistas Diritto e Pratica Tributaria, Diritto e Pratica Tributaria Internazionale.<br\/>&#8211; Miembro de la Academia Europea, Instrumentos Financieros y Fiscalidad Miembro correspondiente da la Academia Nacional de Derecho y &#8211; Ciencias Sociales de Cordoba Consejo de direccion de la Maestria en derecho tributario (Universidad Pontificia de Buenos Aires).<\/p>\n\n<div style=\"height:30px\" aria-hidden=\"true\" class=\"wp-block-spacer\"><\/div>\n\n<h5 class=\"wp-block-heading\">PRESIDENTE<\/h5>\n\n<p>&#8211; Asociaci\u00f3n Italiana de Derecho Fiscal Latinoamericano. Class Editori Spa.<br\/>&#8211; Comit\u00e9 de Liguria de la Asociaci\u00f3n Italiana para la Investigaci\u00f3n del C\u00e1ncer &#8211; AIRC.<br\/>&#8211; Sociedad Italia-Argentina.<br\/>&#8211; Asesor Make a Wish &#8211; Secci\u00f3n italiana<\/p>\n\n<div style=\"height:30px\" aria-hidden=\"true\" class=\"wp-block-spacer\"><\/div>\n\n<h5 class=\"wp-block-heading\">DIPUTADO &#8211; PRESIDENTE<\/h5>\n\n<p>&#8211; Secci\u00f3n Italiana de la C\u00e1mara de Comercio Internacional (CCI Italia).<\/p>\n\n<div style=\"height:30px\" aria-hidden=\"true\" class=\"wp-block-spacer\"><\/div>\n\n<h5 class=\"wp-block-heading\">MIEMBRO DEL CONSEJO<\/h5>\n\n<p>&#8211; Fundaci\u00f3n Gerolamo Gaslini.<br\/>&#8211; Egeo.<\/p>\n\n<div style=\"height:50px\" aria-hidden=\"true\" class=\"wp-block-spacer\"><\/div>\n\n<hr class=\"wp-block-separator has-alpha-channel-opacity\"\/>\n\n<h2 class=\"wp-block-heading\"><strong>Publicaciones<\/strong><\/h2>\n\n<h5 class=\"wp-block-heading\">VOLUMENES<\/h5>\n\n<p><br\/><br\/>&#8211; Global Business 2005 Guida ai trend dell&#8217;economia mondiale, Etas Libri ed., Milano, 2004. &#8211; La Tutela multilivello dei diritti nel diritto tributario, Giuffr\u00e8, MIlano &#8211; Princ\u00cdpios comunes del derecho constitucional tributario, 2\u00aa ed., Milano, 2004.\n<br\/>Traducci\u00f3n espa\u00f1ola conforme a la 2\u00aa edici\u00f3n italiana Temis ed., Bogot\u00e0, 2002 &#8211; Princ\u00edpios comunes de direito constitucional tribut\u00e1rio 2\u00b0 ed., Bogot\u00e1, 2002.\n<br\/><br\/><br\/>Traducci\u00f3n brasile\u00f1a conforme a la 2\u00aa edici\u00f3n italiana, Malheiros ed., S\u00e3o Paulo, 1999. &#8211; Principi comuni di diritto costituzionale tributario,II edizione aggiornata, Cedam, Padova, 1999. &#8211; Verfassungsprivatrecht Allgemeine Geschaftsbedingungen Unternehmensbesteuerung, C.F. Muller ed., 1997 (Jahrbuch fur Italienisches Recht Band 10. &#8211; Il libro dei mercati del III Millennio, Roma, Adn Kronos libri, 1996.\n<br\/><br\/>Investire all&#8217;est &#8211; Prospettive economico-commerciali nel mercato della prossima generazione, Angeli, Milano, 1990. &#8211; Le societ\u00e0 miste Italia-Urss, Il Sole-24 Ore, Milano, 1989, publicado en Rusia por Progress en 1990. &#8211; Autonomia impositiva degli enti locali, Cedam, Padova, 1983.\n<br\/><br\/>L&#8217;interposizione ftitizia\u00bb e \u00able societ\u00e0 di comodo\u00bb quali ipotesi di reato fiscale, in Atti convegno evasione fiscale, Torino, 1981, 157. &#8211; Principios comuns de direito constitucional tribut\u00e1rio, EDUC, S\u00e3o Paulo, 1976. &#8211; Il regime impositivo delle societ\u00e0: la societ\u00e0 a ristretta base azionaria, Cedam, Padova, 1966.<br\/><br\/>&#8211; Il regime impositivo delle societ\u00e0 &#8211; L&#8217;imposta di RM sulle plusvalenze patrimoniali, Cedam, Padova, 1965. &#8211; El convenio entre el Reino Unido de Gran Breta\u00f1a e Irlanda del Norte y la Rep\u00fablica Italiana para evitar la doble imposici\u00f3n y prevenir la evasi\u00f3n fiscal en materia de impuestos sobre la renta, ed., Roma, 1966.\n<br\/><br\/>International Bureau of Fiscal &#8211; Documentation, Amsterdam, 1961. &#8211; Principi comuni di diritto costituzionale tributario, Cedam, Padua, 1959. &#8211; La tassazione degli stranieri in Italia, Padua, Cedam, 1955 (con ap\u00e9ndice, 1959).      Los convenios fiscales entre Estados Unidos e Italia, ed. Oficina Internacional de Documentaci\u00f3n Fiscal, Amsterdam, 1958.<\/p>\n\n<div style=\"height:30px\" aria-hidden=\"true\" class=\"wp-block-spacer\"><\/div>\n\n<h5 class=\"wp-block-heading\">VOL\u00daMENES EN COLABORACI\u00d3N<\/h5>\n\n<p><br\/>&#8211; Curso de Derecho Tributario Internacional, (AA. VV., coordinador V. Uckmar), Editorial Temis, Bogot\u00e1, 2003 &#8211; L&#8217;imposizione sul reddito delle imprese e delle persone giuridiche.\nL&#8217;iva, il tributo di registro e l&#8217;Irap, Tomo III, Collana per la didattica coordinada por la Prof. Giovanna Visintini, editada por V. Uckmar, F. Tundo, Giuffr\u00e8, Mil\u00e1n, 2003.<br\/><br\/>&#8211; L&#8217;imposta sul reddito delle persone fisiche, Tomo II, Collana per la didattica coordinada por la Prof. Giovanna Visintini, editado por V. Uckmar, F. Tundo, Giuffr\u00e8, Mil\u00e1n, 2003. &#8211; Il sistema tributario.\n<br\/><br\/>Principi fondamentali, Tomo I, Collana per la didattica coordinada por la Prof. Giovanna Visintini, editada por V. Uckmar, F. Tundo, Giuffr\u00e8, Mil\u00e1n, 2003. &#8211; Corso di diritto tributario internazionale (AA. VV., coordinado por V. Uckmar), Cedam, Padua, 2002. &#8211; Registro (imposta di) (en colaboraci\u00f3n con el Dr. Remo Dominici), en Digesto comm., Utet, Tur\u00edn, 1996, vol. XII, 258. &#8211; Aspetto (imposta di) (en colaboraci\u00f3n con el Dr. Remo Dominici), en Digesto com.\n<br\/><br\/>XII, 258. &#8211; Aspetti fiscali delle operazioni internazionali (en colaboraci\u00f3n con el Dr. Carlo Garbarino), en Collana ISDACI, Giuffr\u00e8, Mil\u00e1n, 1995, VI, 458. &#8211; Trattati internazionali in materia tributaria, (en colaboraci\u00f3n con la Dra. Paola De Martini), en Diritto tributario diretto da Andrea Amatucci, Cedam, Padua, 1994, vol. XII, 258. &#8211; Aspetti fiscali delle operazioni internazionali, (en colaboraci\u00f3n con la Dra. Paola De Martini), en Diritto tributario diretto da Andrea Amatucci, Cedam, Padua, 1994, vol. VI, 458.    I, tomo II, 727.<br\/>&#8211; <em>Fabbricati<\/em> (imposta sui) in Novissimo Digesto Italiano, Tur\u00edn, Utet, 1964, 1096.<\/p>\n\n<div style=\"height:30px\" aria-hidden=\"true\" class=\"wp-block-spacer\"><\/div>\n\n<h5 class=\"wp-block-heading\">ESTUDIOS, ART\u00cdCULOS PUBLICADOS EN VOL\u00daMENES O REVISTAS<\/h5>\n\n<p>&#8211; Introducci\u00f3n a la quinta sesi\u00f3n &#8211; El Risorgimento en la cultura jur\u00eddica de Am\u00e9rica Latina, en Il Risorgimento italiano in America Latina, Actas de la Conferencia Internacional, 24-25-26 de noviembre de 2006, Affinit\u00e0 Elettive Ed., Ancona, 2006, p. <br\/>187. &#8211; Impuesto justo, pero gasto justo en Direito Tribut\u00e1rio Internacional, Aplicado, Volumen III, Editoria Quartier Latin do Brasil, Sao Paulo, primavera de 2005, p.\n<br\/><br\/>362. &#8211; El verdadero capitalismo tiene reglas iguales para todos, en Icaro, abril de 2006, 56. &#8211; Introducci\u00f3n a la conferencia sobre fiscalidad internacional sobre ayudas estatales, fiscalidad ventajosa y fiscalidad nacional \u00abPrimavera en N\u00e1poles\u00bb (N\u00e1poles 4 de mayo de 2006) en Rivista di diritto tributario internazionale, no.\n<br\/>2, mayo-agosto de 2006, 3. &#8211; Prefacio del volumen de Claudio F. Fava, Start-up.\n<br\/><br\/>Manuale per nuovi imprenditori, Egea, Mil\u00e1n, 2006, XI-XVI. &#8211; La giusta imposta, en La politica economica tra mercati e regole (editado por G. Barberis, I. Lavanda, G. Rampa y B. Soro), Rubbettino Editore, Catanzaro, 2005, 475. &#8211; Introducci\u00f3n (junto con M. Guandalini) al libro Le sfide per l&#8217;Italia: competitivit\u00e0, innovazione e leadership, Etas Ed,<br\/><br\/>2006, 7. &#8211; I Trattati internazionali in materia tributaria, en Diritto Tributario Internazionale, III ed., Cedam, Padua, 2005. &#8211; Introducci\u00f3n, en Diritto Tributario Internazionale, III ed., Cedam, Padua, 2005.    La disciplina civilistica e fiscale della nuova societ\u00e0 cooperativa, Cedam, Padua, 2005 (editado por V. Uckmar y F. Graziano).<br\/>&#8211; El proceso contencioso tributario en Italia, en Revista Argentina de Derecho Tributario, 2005, n\u00ba. <br\/>15, 9. &#8211; Instrumentos asociativos y desgravaciones fiscales para el desarrollo de la sociedad: la experiencia italiana, en Servi\u00e7os P\u00fablicos e Direito Tribut\u00e1rio (coordinado por Heleno Taveira T\u00f4rres), Editora Quartier Latin do Brasil, S\u00e3o Paulo, 2005, 103.<br\/><br\/><br\/>&#8211; La nuova dimensione del \u00abtributo ambientale\u00bb e la sua compatibilit\u00e0 con l&#8217;ordinamento italiano in Direito Tribut\u00e1rio Ambiental, Malheiros Editores, S\u00e3o Paulo, 2005, II, 355. &#8211; Un default firmato Fondo Monetario, in Milano Finanza, 24 dicembre 2004, p. 24. &#8211; A relev\u00e2ncia tribut\u00e1ria do com\u00e9rcio eletr\u00f4nico in Revista de Direito Tributario, 2004, no.\n<br\/>90, 7. &#8211; Actividades de entretenimiento.\n<br\/><br\/> <br\/>Guida normativa e regime fiscale, Assomusica &#8211; Edizioni Il Sore 24 Ore, Milano, 2003. &#8211; Los tratados internacionales en materia tributaria, en Curso de Derecho Tributario Internacional, coordinador Victor Uckmar, Editorial Temis, Bogot\u00e1, 2003, I, 85. &#8211; Presentaci\u00f3n del volumen Impuestos sobre el comercio internacional publicado con ocasi\u00f3n de las jornadas Comercio Internacional e Imposici\u00f3n, Ed.\n<br\/><br\/>Abaco, Buenos Aires, 2003, 7. &#8211; Introducci\u00f3n, en Curso de Derecho Tributario Internacional, coordinador Victor Uckmar, Editorial Temis, Bogot\u00e1, 2003, I, 1. &#8211; Aspetti giuridici fiscali del project financing, en Dir. prat. trib.<br\/>Italia hacia una radical reforma fiscale, en Dir. prat. trib., 2002, 347. &#8211; Introducci\u00f3n al Corso di Diritto tributario internazionale, II edizione, coordinado por V. Uckmar, Cedam ed., Padua, 2002, 1.\n<br\/>I trattati internazionali in materia tributaria, en Corso di Diritto tributario internazionale &#8211; II edizione, coordinato da V. Uckmar, Cedam, Padova, 2002, 91. &#8211; Global Business 2002.     Gu\u00eda de las tendencias econ\u00f3micas mundiales, ed. Etas Libri, Mil\u00e1n, 2001. <br\/>Coop e tasse: ma quali privilegi in Legacoop Liguria, enero\/marzo 2001, 13. &#8211; El principio de la equidad tributaria y el de solidaridad social: la relaci\u00f3n entre las necesidades financieras del Estado y la justicia econ\u00f3mica, en Peri\u00f3dico Econ\u00f3mico Tributario, 25 de abril de 2001, n\u00ba.\n227, p. 5. <br\/><br\/>-La<em>tutela del contribuyente frente a la Corte Constitucional Italiana y a la Corte de Justicia Europea<\/em>, Academia Nacional de Derecho y Ciencias Sociales de C\u00f3rdoba, C\u00f3rdoba, 2000.<em> -Presentaci\u00f3n<\/em> en la Conferencia \u00abI settanta anni di <em>Diritto e Pratica Tributaria<\/em>\u00bb (G\u00e9nova 2-3 de julio de 1999) en <em>L&#8217;evoluzione dell&#8217;ordinamento tributario italiano<\/em>, Padova, Cedam, Padova, 2000, p.\n<br\/>XXVII.  <em>  Negocios 2001. Tendencias de la econom\u00eda mundial. Gu\u00eda de nuevas oportunidades de inversi\u00f3n<\/em><br\/><br\/>Adn Kronos ed., Roma, 2000. &#8211;<em> Federalismo fiscale e autonomia impositiva dei comuni, <\/em>in <em>Rivista di Diritto ed Economia<\/em>, Maggioli, Rimini, 1999. &#8211;<em> Modelos extranjeros para la reforma del sistema fiscal italiano<\/em>, in <em>Estudios en memoria de Ram\u00f3n Vald\u00e9s Costa<\/em>, Fundaci\u00f3n de cultura universitaria ed., Montevideo, 1999, 789. &#8211; Tante parole, pochi fatti (I fattori che hanno fatto crescere l<em> &#8216;<\/em>interesse del italiano per sviluppare le relazioni economiche, America, ed., Roma, 2000,<br\/>Montevideo, 1999, 789. &#8211;<em> Tante parole, pochi fatti<\/em> (I fattori che hanno<em> fatto<\/em> crescere l&#8217;interesse italiano a sviluppare le relazioni economiche con America latina), in <em>Politica internazionale<\/em>, 1999, no.\n<br\/><br\/><br\/>1\/2, 135. &#8211;<em> Piccole e medie imprese e Fisco<\/em>, en <em>Rivista Bancaria Minerva Bancaria<\/em>, julio-agosto 1999, 43. &#8211;<em> I trattati internazionali in materia tributaria<\/em>, en <em>Corso di Diritto tributario internazionale<\/em> coordinato da V. Uckmar, Cedam, Padova, 1999, 73. &#8211; Introduzione, en Diritto Tributario Internazionale, III ed., 1999, no. 1, p. 1.\n<br\/>La disciplina civilistica e fiscale della nuova societ\u00e0 cooperativa, Cedam, Padua, 2005 (editado por V. Uckmar y F. Graziano). &#8211; Los efectos en Italia del Estatuto del Contribuyente, en Revista Latinoamericana de Derecho Tributario, 1998, 6, 281.<br\/><br\/><br\/>&#8211; Il fisco in un stato di diritto, en Studi in onore di Pietro Rescigno, Giuffre, Milano, 1998, 783. &#8211; Normativa tributaria e sviluppo economico en Il futuro della nazione, Banca Europa, 1998,94. &#8211; \u00bfMomentos de gloria para la fiscalidad internacional?   en Which Enterprise, 1998, no. <br\/>8\/9, 10. &#8211; Il ruolo delle imprese italiane nel continente latino-americano, en Acque &amp; Terre, no.\n<br\/><br\/>4-5, 1998, 38. &#8211; Un omaggio a Ramon Vald\u00e8s Costa, en Dir. prat. trib., 1997, I, 1451. &#8211; Consideraciones su globalizaci\u00f3n econ\u00f3mica.\n<br\/><br\/>Tendencias y Desarrollo (Comentario), Intervento XXXII Asamblea General CIAT, S. Salvador de Bahia, 1998. &#8211; Il ruolo delle imprese italiane nel continente latino-americano, in Inserto Italia America Latina a cura del Centro in Europa, 1998, 18. &#8211; El sistema tributario: las instituciones, las administraciones fiscales, los contribuyentes, in Evaluacion del sistema tributario y de la administracion tributaria.\n<br\/>Conferencia Tecnica del CIAT, Viterbo 1996, 1997, 15. &#8211; Towards Tax Harmonization in the European Union Countries, en \u00abEssays on European Law and Israel\u00bb de A. Mordechai Rabello, The Harry and Michael Sacher Institue for Legislative Law &#8211; Jerusalem, 1996.<br\/><br\/>&#8211; Evoluzione della disciplina della riscossione tributaria, en Atti del convegno \u00abLa nuova disciplina della riscossione dei tributi\u00bb, Giuffr\u00e8, Mil\u00e1n, 1996. &#8211; Il sistema tributario in generale, le istituzioni, le amministrazioni fiscali, i contribuenti, en Rivista trimestrale del Ministero delle Finanze, (Quaderni) 1997, no.\n<br\/>3. &#8211; Unternehmensbesteuerung in Italien und Deutschland-Harmonisierung im Rahmen der EU?     &#8211; Informe a la Asociaci\u00f3n de Congresos para los Intercambios Culturales entre Juristas Italianos y Alemanes, Berna, C.F. M\u00fcller, 1996.  <br\/>&#8211; Convenios de doble imposici\u00f3n con respecto a Am\u00e9rica Latina, en Dir. prat. trib., 1996, I, 1179.<br\/>&#8211; Strategies to counter money laundering in Il riciclaggio del denaro nella legislazione civile e penale, Giuffr\u00e8, Mil\u00e1n, 1996, 699.<br\/>&#8211; Gruppi e disciplina fiscale, en I gruppi di societ\u00e0 (Atti del convegno internazionale di studi, Venezia 16-17-18 novembre 1995), Giuffr\u00e8, Milano, 1996, 2237.<br\/>&#8211; Los \u00abgrupos\u00bb y la normativa fiscal, en Dir. prat. trib., 1996, I, 3.<br\/>&#8211; Cr\u00e9dito y exenci\u00f3n en virtud de los convenios fiscales en casos de diferente caracterizaci\u00f3n de la renta, en Fiscalidad Europea, 1996, 118.<br\/>&#8211; El sector privado y la corrupci\u00f3n en la recaudaci\u00f3n de impuestos, en Dir. prat. trib., 1995, I, 1409.<br\/>&#8211; Proyectos y posibles soluciones de armonizaci\u00f3n fiscal en la UE, en Dir. prat. trib.,1995, I, 9.<br\/>&#8211; Un programma per il Ministro delle Finanze Fantozzi, en Dir. prat. trib., 1995, I, 1373.<br\/>&#8211; Le banche ed il mercato finanziario (en colaboraci\u00f3n con varios autores), en Riv. <br\/><br\/>Bancaria, 1995, 3. &#8211; Il prelievo tributario nello stato di diritto, en Scritti in onore di Alberto Predieri, Giuffr\u00e8, Milano, 1995, tomo I, 1505. &#8211; Le motivazioni economiche e i presupposti giuridici delle convenzioni contro le doppie imposizioni, en Quaderni, 1995, fasc.\n<br\/>2, 5. &#8211; Verso l&#8217;unificazione del diritto tributario, en Il Diritto dei nuovi mondi.\n<br\/><br\/>Atti del Convegno promosso dall&#8217;Istituto di Diritto Privato della Facolt\u00e0 di Giurisprudenza, Cedam, Padova, 1994, 507. &#8211; Analisi di leggi-campione &#8211; Problemi di tecnica legislativa, (in collaborazione con Autori vari) in I modi di formazione della legge &#8211; Progetto strategico CNR, Cedam, Padova, 1995, 9. &#8211; Banche e Fisco problemi aperti, in Rivista bancaria-Minerva Bancaria, 1995, n.\n3, 299.   <br\/>&#8211; <em>Los postulados y valores del Estado de derecho en la problem\u00e1tica tributaria<\/em>, en Homenaje al 50\u00b0 aniversario de &#8216;El hecho imponible&#8217; de Dino Jarach, Ediciones Interceanicas s.a., 1994, 231.<br\/>&#8211; <em>Proyectos y posibles soluciones de armonizaci\u00f3n fiscal de la UE,<\/em> en <em>Rivista Bancaria-Minerva<\/em> Bancaria, 1994, n\u00ba. 6, 15.<br\/><br\/><br\/>&#8211; <em>Un fisco per la ripresa dell&#8217;economia<\/em>, en <em>Management Trends<\/em>, 1994, 15. &#8211; Evoluzione della disciplina della riscossione tributaria, en Atti del convegno \u00abLa nuova disciplina della riscossione dei tributi\u00bb, Giuffr\u00e8, Mil\u00e1n, 1996. &#8211; Il sistema tributario in generale, le istituzioni, le amministrazioni fiscali, i contribuenti, en Rivista trimestrale del Ministero delle Finanze, (Quaderni) 1997, no.\n3. <br\/>&#8211; Convenios de doble imposici\u00f3n con respecto a Am\u00e9rica Latina, en Dir. prat. trib., 1996. I, 1179.<br\/>&#8211; Strategies to counter money laundering in Il riciclaggio del denaro nella legislazione civile e penale, Giuffr\u00e8, Mil\u00e1n, 1996, 699.<br\/>&#8211; Gruppi e disciplina fiscale, en I gruppi di societ\u00e0 (Atti del convegno internazionale di studi, Venezia 16-17-18 novembre 1995), Giuffr\u00e8, Milano, 1996, 2237.<br\/>&#8211; Los \u00abgrupos\u00bb y la normativa fiscal, en Dir. prat. trib., 1996, I, 3.<br\/>&#8211; Cr\u00e9dito y exenci\u00f3n en virtud de los convenios fiscales en casos de diferente caracterizaci\u00f3n de la renta, en Fiscalidad Europea, 1996, 118.<br\/>&#8211; \u00bfUnternehmensbesteuerung in Italien und Deutschland-Harmonisierung im Rahmen der EU? <br\/>&#8211; Informe al Congreso Asociaci\u00f3n para los intercambios culturales entre juristas italianos y alemanes, Berna, C.F. M\u00fcller, 1996. &#8211; El sector privado y la corrupci\u00f3n en la aplicaci\u00f3n de los impuestos, en Dir. prat. trib.,1995,<br\/><br\/><br\/>I, 1409. &#8211; Progetti e possibili soluzioni dell&#8217;armonizzazione fiscale dell&#8217;U.E., in Dir. prat. trib., 1995, I, 9. &#8211; Un programma per il Ministro delle Finanze Fantozzi, in Dir. prat. trib., 1995, I, 1373. &#8211; Le banche ed il mercato finanziario, (in collaborazione con Autori vari), in Riv.\n<br\/>Bancaria, 1995, 3. &#8211; Le motivazioni economiche e i presupposti giuridici delle convenzioni contro le doppie imposizione, en Quaderni, 1995, fasc.\n<br\/>2, 5. &#8211; Hacia la unificaci\u00f3n del derecho fiscal, en Il Diritto dei nuovi mondi.\n<br\/><br\/>Atti del Convegno promosso dall&#8217;Istituto di Diritto Privato della Facolt\u00e0 di Giurisprudenza, Cedam, Padova, 1994, 507. &#8211; Analisi di leggi-campione &#8211; Problemi di tecnica legislativa, (in collaborazione con Autori vari) in I modi di formazione della legge &#8211; Progetto strategico CNR, Cedam, Padova, 1995, 9. &#8211; Banche e Fisco problemi aperti, in Rivista bancaria-Minerva Bancaria, 1995, n.3, 299.   <br\/>&#8211; <em>Las joint ventures: instrumento de colaboraci\u00f3n con Argentina, en Revista de Econom\u00eda, Turismo y Comercio Internacional<\/em>, 1994, 7.<br\/>&#8211; <em>Proyectos y posibles soluciones de armonizaci\u00f3n fiscal en la UE,<\/em> en <em>Rivista Bancaria-Minerva<\/em> Bancaria, 1994, n\u00ba 6, 15.<br\/><br\/>&#8211; <em>Un fisco per la ripresa dell&#8217;economia<\/em>, en <em>Management Trends<\/em>, 1994, 15. -La internazionalit\u00e0 dell&#8217;impresa e la sua tassazione, en Studi in onore di Enrico Allorio, Giuffr\u00e8, Milano, 1989, vol. II, 2021.\n<br\/><br\/><br\/>II, 2021. &#8211; Finanza pubblica: stato di emergenza, en Dir. prat. trib., 1989, I, 3. &#8211; La riforma valutaria della legge n.599\/1986: realt\u00e0 e prospettive, en Studi dir. pen. impresa, Milano, 1988, 111. -La nuova normativa valutaria en Atti della 2\u00b0 conferenza valutaria di Genova, Cedam, Padova, 1986, 339. <br\/>&#8211; <em>Las <\/em>joint ventures: instrumento de colaboraci\u00f3n con Argentina, en Revista de Econom\u00eda, Turismo y Comercio Internacional, 1994, 7.<br\/>&#8211; <em>Los<\/em> postulados y valores del Estado de derecho en la problem\u00e1tica tributaria, en Homenaje al 50\u00b0 aniversario de &#8216;El hecho imponible&#8217; de Dino Jarach, Ediciones Interceanicas s.a., 1994, 231.<br\/>&#8211; <em>Proyectos<\/em> y posibles soluciones de armonizaci\u00f3n fiscal de la UE, en Rivista Bancaria-Minerva Bancaria, 1994, n\u00ba 6, 15.<br\/>&#8211; <em>Un<\/em> fisco per la ripresa dell&#8217;economia, en Management Trends, 1994, 15.- Registro (imposta di) (en colaboraci\u00f3n con el Dr. Remo Dominici), en Novissimo Digesto, ap\u00e9ndice IV, Utet, Tur\u00edn, 1986, 540.<br\/>&#8211; Impuesto sobre el Patrimonio. Appunti per uno studio comparatistico, en Dir. prat. trib., 1986, I, 366.<br\/>&#8211; Aspetti normativi dell&#8217;imposizione fiscale sugli immobili urbani, en La stima dei redditi e dei valori immobiliari ai fini fiscali &#8211; Atti del XV Incontro C.E.S.E.T. &#8211; Viterbo, 1985.<br\/>&#8211; Il nuovo regime tributario dei beni culturali, en Annali della Facolt\u00e0 di Giurisprudenza di Genova, Giuffr\u00e8, Mil\u00e1n, 1984-85, 366.<br\/>&#8211; La tecnolog\u00eda de la informaci\u00f3n en la fiscalidad&#8217;, en Atti conv. bases de datos persona, Verona, 1984, 125.<br\/>&#8211; La rinascita del &#8216;solve et repete&#8217;, en Atti conv. proc. trib., Venecia, 1983, 81.<br\/>&#8211; Lavoro (contratto di) (diritto tributario) (en colaboraci\u00f3n con Pia Grazia Mist\u00f2), en Novissimo Digesto Italiano, Utet, Tur\u00edn, 1983, 598.<br\/>&#8211; Evasi\u00f3n fiscal &#8211; elusi\u00f3n fiscal, Informe general al 37\u00ba Congreso de la Asociaci\u00f3n Fiscal Internacional &#8211; en Cahiers de Droit Fiscal International de l&#8217;IFA, 1983.<br\/>&#8211; Fabbricati (imposizione diretta sui) &#8211; (en colaboraci\u00f3n con la Dra. Pia Grazia Mist\u00f2) en Novissimo Digesto Italiano, Utet, Tur\u00edn, 1982, 589.<br\/>&#8211; Il bilancio bancario e il sistema fiscale, en Scritti in onore di Innocenzo Gasparini, Giuffr\u00e8, Mil\u00e1n, 1982, 1169.<br\/>&#8211; Fiscal Aspects of Financial Intermediation, en Rivista della Guardia di Finanza, 1981, 581.<br\/>Aspetti civilistici degli strumenti alternativi di risparmio e di investimento, en Atti convegno leasing risparmio, Mil\u00e1n, 1981, 99.<br\/>&#8211; La convenzione tra l&#8217;Italia e la Svizzera contro le doppie imposizioni, en Scritti in onore di Ernesto D&#8217;Albergo, Ipsoa, Milano, 1977, 175.<br\/>&#8211; Alcuni aspetti internazionalistici dell&#8217;ordinamento tributario italiano, en Annali della Facolt\u00e0 di Giurisprudenza di Genova, Giuffr\u00e8, Mil\u00e1n, 1978-79, 143.<br\/>&#8211; Las diferencias num\u00e9ricas resultantes de la devaluaci\u00f3n monetaria no est\u00e1n sujetas a impuestos, en Dir. prat. trib., 1975, II, 3.<br\/>&#8211; L&#8217;evasione fiscale internazionale, en Annali della Facolt\u00e0 di giurisprudenza di Genova, Giuffr\u00e8, Mil\u00e1n, 1977, 1049.<br\/>&#8211; Recenti aspetti fiscali della ristrutturazione delle imprese, en Scritti in onore di Mario Casanova, Annali della Facolt\u00e0 di Giurisprudenza di Genova, Giuffr\u00e8, Milano, 1971, 365.<br\/>&#8211; Societ\u00e0 (imposta sulle), en Novissimo Digesto Italiano, Utet, Tur\u00edn, 1970, 750.<br\/>&#8211; I poteri di verifica ed ispezione della Polizia tributaria, en Giur.it., 1970, I, 1, 403.<br\/>&#8211; Le leggi delegate per la riforma dell&#8217;ordinamento doganale, en Dir. prat. rib., 1969, I, 813.<br\/>&#8211; Inaplicabilidad de Ige en caso de transferencia de quilates, en Dir. mar., 1968, 91.<br\/>&#8211; Sulla soggettabilit\u00e0 all&#8217;I.G.E. delle commissioni a rappresentanti in Italia di case estere, in Riv. dir. inter. priv. e proc., 1967, 55.<br\/>&#8211; Registro (imposte di) in Novissimo Digesto Italiano, Utet, Tur\u00edn, 1967, 39.<br\/>&#8211; La importaci\u00f3n de buques \u00abarmados\u00bb y la aplicaci\u00f3n del impuesto general de entrada, en Jur. en., 1967, I, 2, 321.<br\/>&#8211; L&#8217;evoluzione, con particolare riguardo all&#8217;ordinamento italiano del concetto di &#8216;stabile organizzazione&#8217; delle imprese operanti nell&#8217;ambito di pi\u00f9 Stati, in Societ\u00e0 per lo studio dei problemi fiscali, Giuffr\u00e8, Milano, 1967.<br\/>&#8211; La imposta di ricchezza mobile sulle plusvalenze patrimoniali, Cedam, Padua, 1967.<br\/>&#8211; Observaciones sobre algunos aspectos fiscales del proyecto de ley de reforma de la regulaci\u00f3n de las sociedades mercantiles, en Jus, 1966, 382.<br\/>&#8211; Osservazioni sull&#8217;attuale sistema di tassazione delle plusvalenze patrimoniali, en Annali della Facolt\u00e0 di Giurisprudenza di Genova, Milano, Giuffr\u00e8, 1964, 543.<br\/>&#8211; Lavoro (contratto di): diritto tributario, en Novissimo Digesto Italiano, Tur\u00edn, Utet, 1964, 519.<br\/>&#8211; Appunti sul regime fiscale dei contratti di utilizzazione delle navi, en Studi in onore di G. Berlingieri, en Dir. mar., 1964, 602.<br\/>&#8211; Libertad, igualdad e impuestos, en Annali della Facolt\u00e0 di Giurisprudenza di Genova, Mil\u00e1n, Giuffr\u00e8, 1962, 181.<br\/>&#8211; Dictamen sobre el proyecto de reforma de los litigios fiscales, en Jur. imp., 1962, III, 766.<br\/>&#8211; L&#8217;imposizione sulle aree fabbricabili, en Rassegna parlamentare, Garzanti, 1961.<br\/>&#8211; Rassegna di legislazione e di giurisprudenza tributaria, (en colaboraci\u00f3n con el Prof. Giancarlo Croxatto,) en Riv. soc., 1961, 563.<br\/>&#8211; La potest\u00e0 regolamentare in materia tributaria, en Studi in onore di Achille Donato Giannini, Milano, Giuffr\u00e8, 1960, 927.<br\/>&#8211; Nuove disposizioni in materia di tassazione degli stranieri in Italia, en Dir. prat. trib., 1959, I, 229.<br\/>&#8211; Prefijaci\u00f3n con reglamento de plazo perentorio para devoluci\u00f3n de impuestos, en Dir. prat. trib., 1959, II, 86.<br\/>&#8211; Sulla potest\u00e0 della regione siciliana ad accordare esenzioni fiscali, en Dir. prat. trib., 1959, II, 80.<br\/>&#8211; Ilegalidad constitucional de las tasas municipales de anuncios y publicidad, en Dir. prat. trib., 1959, II, 283.<br\/>&#8211; Fijaci\u00f3n, mediante reglamento ministerial, de plazos perentorios en materia fiscal, en Giur. <br\/><br\/>it., 1959, I, 69. &#8211; Contraste entre ciertas disposiciones de la Ley consolidada de impuestos directos y la legislaci\u00f3n anterior, en Dir. prat. trib., 1959, I, 18. &#8211; Ilegitimidad constitucional de las tasas municipales de colocaci\u00f3n de carteles y publicidad, en Giur.\n<br\/><br\/>it., 1959, I, 1, 897. &#8211; Transmisi\u00f3n de viviendas no de lujo e impuesto de matriculaci\u00f3n, en Dir. prat. trib., 1958, II, 202. &#8211; Registro de contratos sujetos a aprobaci\u00f3n, en Dir. prat. trib,<br\/><br\/><br\/>1958, II, 550. &#8211; La potest\u00e0 regolamentare in materia tributaria, en International Bureau of Fiscal Documentation, Amsterdam, 1958. &#8211; La convenzione fra l&#8217;Italia e la Svezia per le imposte dirette, en Riv. soc., 1958, 635. &#8211; Imposta complementare nei confronti degli stranieri residenti all&#8217;estero, en Giur.\n<br\/><br\/>it., 1958, III, 125. &#8211; Doppie imposizioni, in Enciclopedia Forense, 3a v., Firenze, Vallardi, 1958. &#8211; Sul regime fiscale degli appalti relativi alla costruzione di strade comunali, in Giur.\n<br\/><br\/>it.,1956, I, 2, 474. &#8211; Limites al privilegio del p\u00e1rrafo II del art. 2752 del C\u00f3digo Civil, en Dir. prat. trib., 1956, II, 37. &#8211; Les garanties juridiques des contribuables par rapport \u00e0 l&#8217;administration financi\u00e8re(Italie), en Cahiers de Droit Fiscal International de l&#8217;IFA, 1956.\n<br\/>&#8211; Die Italienische Besteuerung von Lizengeb\u00fcbren, die au das Ausland zu entrichen sind, en Finanz archiv, 1958. &#8211; A proposito di criteri di interpretazione delle leggi tributarie, en Giur.\nit., 1958, I, 1, 1001. <br\/><br\/><br\/>&#8211; I.G.E. sugli spiriti ed imposte di fabbricazione, in Dir. prat. trib., 1957, II, 19. &#8211; I.G.E. sulle commissioni a commissionari di case estere, in Dir. prat. trib., 1957, II, 11. &#8211; Sul regime fiscale degli appalti relativi alla costruzione di strade comunali, in Giur.      it.,1956, I, 2, 474.<br\/>&#8211; La tassazione delle societ\u00e0 straniere operanti in Italia, en Riv. soc., 1956, 795.<br\/>&#8211; La potest\u00e0 legislativa tributaria della Sicilia, en Rivista della Guardia di Finanza, 1956, 491.<br\/>&#8211; Influencia del domicilio, de la residencia y de la nacionalidad en el Derecho Tributario, en Revista de Derecho Financiero y de Hacienda P\u00fablica, Madrid, 1956.<br\/>&#8211; Domicilio, residencia y nacionalidad en el derecho fiscal, en Rivista della Guardia di Finanza, 1956, 727.<br\/>&#8211; Nuove e maggiori spese nel bilancio della Regione Siciliana, in Giur.it., 1955, I, 1, 593.<br\/>&#8211; Las sociedades italianas propiedad de extranjeros y la subrogaci\u00f3n del impuesto de timbre y registro, en Dir. prat. trib., 1954, II, 22.<br\/>&#8211; I.G.E. sobre las sumas percibidas por el traspaso de jugadores, en Dir. prat. trib., 1954, II, 255.<br\/>&#8211; Ilegitimidad de las exenciones fiscales concedidas por la regi\u00f3n de Sicilia, en Foro Padano, 1953, IV, 137.<br\/>&#8211; Jurisprudencia sobre la fiscalidad de los extranjeros en Italia, en Archivos Financieros, 1953, 408.<br\/>&#8211; Cessione di quota dell&#8217;accomandatario ed imposta di registro, en Dir. prat. trib., 1953, II, 225.<br\/>&#8211; Impuesto sobre los cr\u00e9ditos de los socios, en Dir. prat. trib., 1952, II, 21.<br\/>&#8211; Los \u00f3rganos de lo contencioso tributario en algunas legislaciones extranjeras, en Dir. prat. trib.,1952, I, 194.<br\/>&#8211; Cobro en el extranjero de cr\u00e9ditos fiscales, en Rivista di giurisprudenza, 1952, 3.<br\/>&#8211; Sujeci\u00f3n de las compa\u00f1\u00edas navieras extranjeras representadas por agentes al impuesto sobre el capital en Dir. mar., 1952, 646.<br\/>&#8211; Tributaci\u00f3n \u00ab\u00fanica\u00bb de los ingresos obtenidos por la venta de un buque, en Dir. mar., 1951, 551.<br\/>&#8211; Fiscalidad de las empresas extranjeras representadas en Italia por un agente, en Riv. de dir. fin. y sc. de fin., 1951, 305.<br\/>&#8211; Competencias del P.T.I. en materia de impuesto de matriculaci\u00f3n, en Dir. prat. trib.,1951, II, 19.<br\/>&#8211; El conflicto entre la vida de las sociedades y la tributaci\u00f3n anual de sus ingresos, en Dir. prat. trib., 1951, I, 213.<br\/>&#8211; Aumentos del arancel aduanero tras la importaci\u00f3n de mercanc\u00edas, en Dir. mar., 1951, 195.<br\/>&#8211; Impuesto de timbre sobre la transferencia de la totalidad del paquete de acciones, en Dir. prat. trib., 1950, II, 122.<br\/>&#8211; Imposta entrata sui corrispettivi per l&#8217;uso di navi da parte dallo Stato, in Dir. mar., 1950, 19.<br\/>&#8211; La Polizia tributaria investigativa, en Dir. prat. trib., 1950, I, 189.<br\/>&#8211; Matricola e termine per l&#8217;iscrizione a registro per le imposta di famiglia, in Dir. prat. trib., 1950, II, 308.<br\/>&#8211; Regime fiscale delle &#8216;licenze&#8217; rilasciate dal Consorzio Autonomo del Porto di Genova alle imprese industriali , in Dir. prat. trib., 1950, II, 15.<br\/>&#8211; De un interesante caso de recusaci\u00f3n, en Dir. mar., 1948, 396.<br\/>&#8211; Regime fiscale del contratto preliminare di compravendita, en Dir. prat. trib., 1949, I, 49.<br\/>&#8211; Impuesto sobre el comercio, en Archivos financieros, 1950,465.<\/p>\n","protected":false},"excerpt":{"rendered":"<p>1925-2016 SEDE CENTRAL Correo electr\u00f3nico de G\u00e9nova studioge@uckmar.com ESTUDIOS Y PROFESI\u00d3N &#8211; Licenciado en Derecho con honores por la Universidad de G\u00e9nova.&#8211; Profesor em\u00e9rito de la Universidad de G\u00e9nova.&#8211; Profesor contratado en la Universidad de Roma &#8211; LUISS (Derecho fiscal de la UE).&#8211; Profesor adjunto en la Universidad de Macerata (Derecho Fiscal).&#8211; Director del Instituto [&hellip;]<\/p>\n","protected":false},"author":2,"featured_media":318,"comment_status":"open","ping_status":"open","sticky":false,"template":"","format":"standard","meta":{"_et_pb_use_builder":"off","_et_pb_old_content":"","_et_gb_content_width":"","footnotes":""},"categories":[24],"tags":[],"class_list":["post-1818","post","type-post","status-publish","format-standard","has-post-thumbnail","hentry","category-profesionales"],"yoast_head":"<!-- This site is optimized with the Yoast SEO plugin v27.5 - https:\/\/yoast.com\/product\/yoast-seo-wordpress\/ -->\n<title>Prof. Abogado Victor Uckmar - Studio Uckmar<\/title>\n<meta name=\"robots\" content=\"index, follow, max-snippet:-1, max-image-preview:large, max-video-preview:-1\" \/>\n<link rel=\"canonical\" href=\"https:\/\/www.studiouckmar.com\/es\/abogado-prof-victor-uckmar\/\" \/>\n<meta property=\"og:locale\" content=\"es_ES\" \/>\n<meta property=\"og:type\" content=\"article\" \/>\n<meta property=\"og:title\" content=\"Prof. Abogado Victor Uckmar - Studio Uckmar\" \/>\n<meta property=\"og:description\" content=\"1925-2016 SEDE CENTRAL Correo electr\u00f3nico de G\u00e9nova studioge@uckmar.com ESTUDIOS Y PROFESI\u00d3N &#8211; Licenciado en Derecho con honores por la Universidad de G\u00e9nova.&#8211; Profesor em\u00e9rito de la Universidad de G\u00e9nova.&#8211; Profesor contratado en la Universidad de Roma &#8211; LUISS (Derecho fiscal de la UE).&#8211; Profesor adjunto en la Universidad de Macerata (Derecho Fiscal).&#8211; Director del Instituto [&hellip;]\" \/>\n<meta property=\"og:url\" content=\"https:\/\/www.studiouckmar.com\/es\/abogado-prof-victor-uckmar\/\" \/>\n<meta property=\"og:site_name\" content=\"Studio Uckmar\" \/>\n<meta property=\"article:published_time\" content=\"2022-07-19T08:57:25+00:00\" \/>\n<meta property=\"article:modified_time\" content=\"2024-10-01T09:30:40+00:00\" \/>\n<meta property=\"og:image\" content=\"https:\/\/www.studiouckmar.com\/wp-content\/uploads\/2022\/05\/avvprofuckmar.jpg\" \/>\n\t<meta property=\"og:image:width\" content=\"187\" \/>\n\t<meta property=\"og:image:height\" content=\"250\" \/>\n\t<meta property=\"og:image:type\" content=\"image\/jpeg\" \/>\n<meta name=\"author\" content=\"giuliana\" \/>\n<meta name=\"twitter:card\" content=\"summary_large_image\" \/>\n<meta name=\"twitter:label1\" content=\"Escrito por\" \/>\n\t<meta name=\"twitter:data1\" content=\"giuliana\" \/>\n\t<meta name=\"twitter:label2\" content=\"Tiempo de lectura\" \/>\n\t<meta name=\"twitter:data2\" content=\"20 minutos\" \/>\n<script type=\"application\/ld+json\" class=\"yoast-schema-graph\">{\"@context\":\"https:\\\/\\\/schema.org\",\"@graph\":[{\"@type\":\"Article\",\"@id\":\"https:\\\/\\\/www.studiouckmar.com\\\/es\\\/abogado-prof-victor-uckmar\\\/#article\",\"isPartOf\":{\"@id\":\"https:\\\/\\\/www.studiouckmar.com\\\/es\\\/abogado-prof-victor-uckmar\\\/\"},\"author\":{\"name\":\"giuliana\",\"@id\":\"https:\\\/\\\/www.studiouckmar.com\\\/#\\\/schema\\\/person\\\/969d8f4f8c54eb716f2f5d40e37a74d5\"},\"headline\":\"Prof. Abogado Victor Uckmar\",\"datePublished\":\"2022-07-19T08:57:25+00:00\",\"dateModified\":\"2024-10-01T09:30:40+00:00\",\"mainEntityOfPage\":{\"@id\":\"https:\\\/\\\/www.studiouckmar.com\\\/es\\\/abogado-prof-victor-uckmar\\\/\"},\"wordCount\":3986,\"commentCount\":0,\"image\":{\"@id\":\"https:\\\/\\\/www.studiouckmar.com\\\/es\\\/abogado-prof-victor-uckmar\\\/#primaryimage\"},\"thumbnailUrl\":\"https:\\\/\\\/www.studiouckmar.com\\\/wp-content\\\/uploads\\\/2022\\\/05\\\/avvprofuckmar.jpg\",\"articleSection\":[\"Profesionales\"],\"inLanguage\":\"es\",\"potentialAction\":[{\"@type\":\"CommentAction\",\"name\":\"Comment\",\"target\":[\"https:\\\/\\\/www.studiouckmar.com\\\/es\\\/abogado-prof-victor-uckmar\\\/#respond\"]}]},{\"@type\":\"WebPage\",\"@id\":\"https:\\\/\\\/www.studiouckmar.com\\\/es\\\/abogado-prof-victor-uckmar\\\/\",\"url\":\"https:\\\/\\\/www.studiouckmar.com\\\/es\\\/abogado-prof-victor-uckmar\\\/\",\"name\":\"Prof. Abogado Victor Uckmar - Studio Uckmar\",\"isPartOf\":{\"@id\":\"https:\\\/\\\/www.studiouckmar.com\\\/#website\"},\"primaryImageOfPage\":{\"@id\":\"https:\\\/\\\/www.studiouckmar.com\\\/es\\\/abogado-prof-victor-uckmar\\\/#primaryimage\"},\"image\":{\"@id\":\"https:\\\/\\\/www.studiouckmar.com\\\/es\\\/abogado-prof-victor-uckmar\\\/#primaryimage\"},\"thumbnailUrl\":\"https:\\\/\\\/www.studiouckmar.com\\\/wp-content\\\/uploads\\\/2022\\\/05\\\/avvprofuckmar.jpg\",\"datePublished\":\"2022-07-19T08:57:25+00:00\",\"dateModified\":\"2024-10-01T09:30:40+00:00\",\"author\":{\"@id\":\"https:\\\/\\\/www.studiouckmar.com\\\/#\\\/schema\\\/person\\\/969d8f4f8c54eb716f2f5d40e37a74d5\"},\"breadcrumb\":{\"@id\":\"https:\\\/\\\/www.studiouckmar.com\\\/es\\\/abogado-prof-victor-uckmar\\\/#breadcrumb\"},\"inLanguage\":\"es\",\"potentialAction\":[{\"@type\":\"ReadAction\",\"target\":[\"https:\\\/\\\/www.studiouckmar.com\\\/es\\\/abogado-prof-victor-uckmar\\\/\"]}]},{\"@type\":\"ImageObject\",\"inLanguage\":\"es\",\"@id\":\"https:\\\/\\\/www.studiouckmar.com\\\/es\\\/abogado-prof-victor-uckmar\\\/#primaryimage\",\"url\":\"https:\\\/\\\/www.studiouckmar.com\\\/wp-content\\\/uploads\\\/2022\\\/05\\\/avvprofuckmar.jpg\",\"contentUrl\":\"https:\\\/\\\/www.studiouckmar.com\\\/wp-content\\\/uploads\\\/2022\\\/05\\\/avvprofuckmar.jpg\",\"width\":187,\"height\":250},{\"@type\":\"BreadcrumbList\",\"@id\":\"https:\\\/\\\/www.studiouckmar.com\\\/es\\\/abogado-prof-victor-uckmar\\\/#breadcrumb\",\"itemListElement\":[{\"@type\":\"ListItem\",\"position\":1,\"name\":\"Home\",\"item\":\"https:\\\/\\\/www.studiouckmar.com\\\/es\\\/pagina-de-inicio\\\/\"},{\"@type\":\"ListItem\",\"position\":2,\"name\":\"Prof. Abogado Victor Uckmar\"}]},{\"@type\":\"WebSite\",\"@id\":\"https:\\\/\\\/www.studiouckmar.com\\\/#website\",\"url\":\"https:\\\/\\\/www.studiouckmar.com\\\/\",\"name\":\"Studio Uckmar\",\"description\":\"associazione avvocati professionale\",\"potentialAction\":[{\"@type\":\"SearchAction\",\"target\":{\"@type\":\"EntryPoint\",\"urlTemplate\":\"https:\\\/\\\/www.studiouckmar.com\\\/?s={search_term_string}\"},\"query-input\":{\"@type\":\"PropertyValueSpecification\",\"valueRequired\":true,\"valueName\":\"search_term_string\"}}],\"inLanguage\":\"es\"},{\"@type\":\"Person\",\"@id\":\"https:\\\/\\\/www.studiouckmar.com\\\/#\\\/schema\\\/person\\\/969d8f4f8c54eb716f2f5d40e37a74d5\",\"name\":\"giuliana\",\"image\":{\"@type\":\"ImageObject\",\"inLanguage\":\"es\",\"@id\":\"https:\\\/\\\/secure.gravatar.com\\\/avatar\\\/dad2c63e04a058eb800af186bda769919d993e72c4931473299f441f5f25e32b?s=96&d=mm&r=g\",\"url\":\"https:\\\/\\\/secure.gravatar.com\\\/avatar\\\/dad2c63e04a058eb800af186bda769919d993e72c4931473299f441f5f25e32b?s=96&d=mm&r=g\",\"contentUrl\":\"https:\\\/\\\/secure.gravatar.com\\\/avatar\\\/dad2c63e04a058eb800af186bda769919d993e72c4931473299f441f5f25e32b?s=96&d=mm&r=g\",\"caption\":\"giuliana\"},\"url\":\"https:\\\/\\\/www.studiouckmar.com\\\/es\\\/author\\\/giuliana\\\/\"}]}<\/script>\n<!-- \/ Yoast SEO plugin. -->","yoast_head_json":{"title":"Prof. Abogado Victor Uckmar - Studio Uckmar","robots":{"index":"index","follow":"follow","max-snippet":"max-snippet:-1","max-image-preview":"max-image-preview:large","max-video-preview":"max-video-preview:-1"},"canonical":"https:\/\/www.studiouckmar.com\/es\/abogado-prof-victor-uckmar\/","og_locale":"es_ES","og_type":"article","og_title":"Prof. Abogado Victor Uckmar - Studio Uckmar","og_description":"1925-2016 SEDE CENTRAL Correo electr\u00f3nico de G\u00e9nova studioge@uckmar.com ESTUDIOS Y PROFESI\u00d3N &#8211; Licenciado en Derecho con honores por la Universidad de G\u00e9nova.&#8211; Profesor em\u00e9rito de la Universidad de G\u00e9nova.&#8211; Profesor contratado en la Universidad de Roma &#8211; LUISS (Derecho fiscal de la UE).&#8211; Profesor adjunto en la Universidad de Macerata (Derecho Fiscal).&#8211; Director del Instituto [&hellip;]","og_url":"https:\/\/www.studiouckmar.com\/es\/abogado-prof-victor-uckmar\/","og_site_name":"Studio Uckmar","article_published_time":"2022-07-19T08:57:25+00:00","article_modified_time":"2024-10-01T09:30:40+00:00","og_image":[{"width":187,"height":250,"url":"https:\/\/www.studiouckmar.com\/wp-content\/uploads\/2022\/05\/avvprofuckmar.jpg","type":"image\/jpeg"}],"author":"giuliana","twitter_card":"summary_large_image","twitter_misc":{"Escrito por":"giuliana","Tiempo de lectura":"20 minutos"},"schema":{"@context":"https:\/\/schema.org","@graph":[{"@type":"Article","@id":"https:\/\/www.studiouckmar.com\/es\/abogado-prof-victor-uckmar\/#article","isPartOf":{"@id":"https:\/\/www.studiouckmar.com\/es\/abogado-prof-victor-uckmar\/"},"author":{"name":"giuliana","@id":"https:\/\/www.studiouckmar.com\/#\/schema\/person\/969d8f4f8c54eb716f2f5d40e37a74d5"},"headline":"Prof. Abogado Victor Uckmar","datePublished":"2022-07-19T08:57:25+00:00","dateModified":"2024-10-01T09:30:40+00:00","mainEntityOfPage":{"@id":"https:\/\/www.studiouckmar.com\/es\/abogado-prof-victor-uckmar\/"},"wordCount":3986,"commentCount":0,"image":{"@id":"https:\/\/www.studiouckmar.com\/es\/abogado-prof-victor-uckmar\/#primaryimage"},"thumbnailUrl":"https:\/\/www.studiouckmar.com\/wp-content\/uploads\/2022\/05\/avvprofuckmar.jpg","articleSection":["Profesionales"],"inLanguage":"es","potentialAction":[{"@type":"CommentAction","name":"Comment","target":["https:\/\/www.studiouckmar.com\/es\/abogado-prof-victor-uckmar\/#respond"]}]},{"@type":"WebPage","@id":"https:\/\/www.studiouckmar.com\/es\/abogado-prof-victor-uckmar\/","url":"https:\/\/www.studiouckmar.com\/es\/abogado-prof-victor-uckmar\/","name":"Prof. Abogado Victor Uckmar - Studio Uckmar","isPartOf":{"@id":"https:\/\/www.studiouckmar.com\/#website"},"primaryImageOfPage":{"@id":"https:\/\/www.studiouckmar.com\/es\/abogado-prof-victor-uckmar\/#primaryimage"},"image":{"@id":"https:\/\/www.studiouckmar.com\/es\/abogado-prof-victor-uckmar\/#primaryimage"},"thumbnailUrl":"https:\/\/www.studiouckmar.com\/wp-content\/uploads\/2022\/05\/avvprofuckmar.jpg","datePublished":"2022-07-19T08:57:25+00:00","dateModified":"2024-10-01T09:30:40+00:00","author":{"@id":"https:\/\/www.studiouckmar.com\/#\/schema\/person\/969d8f4f8c54eb716f2f5d40e37a74d5"},"breadcrumb":{"@id":"https:\/\/www.studiouckmar.com\/es\/abogado-prof-victor-uckmar\/#breadcrumb"},"inLanguage":"es","potentialAction":[{"@type":"ReadAction","target":["https:\/\/www.studiouckmar.com\/es\/abogado-prof-victor-uckmar\/"]}]},{"@type":"ImageObject","inLanguage":"es","@id":"https:\/\/www.studiouckmar.com\/es\/abogado-prof-victor-uckmar\/#primaryimage","url":"https:\/\/www.studiouckmar.com\/wp-content\/uploads\/2022\/05\/avvprofuckmar.jpg","contentUrl":"https:\/\/www.studiouckmar.com\/wp-content\/uploads\/2022\/05\/avvprofuckmar.jpg","width":187,"height":250},{"@type":"BreadcrumbList","@id":"https:\/\/www.studiouckmar.com\/es\/abogado-prof-victor-uckmar\/#breadcrumb","itemListElement":[{"@type":"ListItem","position":1,"name":"Home","item":"https:\/\/www.studiouckmar.com\/es\/pagina-de-inicio\/"},{"@type":"ListItem","position":2,"name":"Prof. Abogado Victor Uckmar"}]},{"@type":"WebSite","@id":"https:\/\/www.studiouckmar.com\/#website","url":"https:\/\/www.studiouckmar.com\/","name":"Studio Uckmar","description":"associazione avvocati professionale","potentialAction":[{"@type":"SearchAction","target":{"@type":"EntryPoint","urlTemplate":"https:\/\/www.studiouckmar.com\/?s={search_term_string}"},"query-input":{"@type":"PropertyValueSpecification","valueRequired":true,"valueName":"search_term_string"}}],"inLanguage":"es"},{"@type":"Person","@id":"https:\/\/www.studiouckmar.com\/#\/schema\/person\/969d8f4f8c54eb716f2f5d40e37a74d5","name":"giuliana","image":{"@type":"ImageObject","inLanguage":"es","@id":"https:\/\/secure.gravatar.com\/avatar\/dad2c63e04a058eb800af186bda769919d993e72c4931473299f441f5f25e32b?s=96&d=mm&r=g","url":"https:\/\/secure.gravatar.com\/avatar\/dad2c63e04a058eb800af186bda769919d993e72c4931473299f441f5f25e32b?s=96&d=mm&r=g","contentUrl":"https:\/\/secure.gravatar.com\/avatar\/dad2c63e04a058eb800af186bda769919d993e72c4931473299f441f5f25e32b?s=96&d=mm&r=g","caption":"giuliana"},"url":"https:\/\/www.studiouckmar.com\/es\/author\/giuliana\/"}]}},"_links":{"self":[{"href":"https:\/\/www.studiouckmar.com\/es\/wp-json\/wp\/v2\/posts\/1818","targetHints":{"allow":["GET"]}}],"collection":[{"href":"https:\/\/www.studiouckmar.com\/es\/wp-json\/wp\/v2\/posts"}],"about":[{"href":"https:\/\/www.studiouckmar.com\/es\/wp-json\/wp\/v2\/types\/post"}],"author":[{"embeddable":true,"href":"https:\/\/www.studiouckmar.com\/es\/wp-json\/wp\/v2\/users\/2"}],"replies":[{"embeddable":true,"href":"https:\/\/www.studiouckmar.com\/es\/wp-json\/wp\/v2\/comments?post=1818"}],"version-history":[{"count":7,"href":"https:\/\/www.studiouckmar.com\/es\/wp-json\/wp\/v2\/posts\/1818\/revisions"}],"predecessor-version":[{"id":2459,"href":"https:\/\/www.studiouckmar.com\/es\/wp-json\/wp\/v2\/posts\/1818\/revisions\/2459"}],"wp:featuredmedia":[{"embeddable":true,"href":"https:\/\/www.studiouckmar.com\/es\/wp-json\/wp\/v2\/media\/318"}],"wp:attachment":[{"href":"https:\/\/www.studiouckmar.com\/es\/wp-json\/wp\/v2\/media?parent=1818"}],"wp:term":[{"taxonomy":"category","embeddable":true,"href":"https:\/\/www.studiouckmar.com\/es\/wp-json\/wp\/v2\/categories?post=1818"},{"taxonomy":"post_tag","embeddable":true,"href":"https:\/\/www.studiouckmar.com\/es\/wp-json\/wp\/v2\/tags?post=1818"}],"curies":[{"name":"wp","href":"https:\/\/api.w.org\/{rel}","templated":true}]}}