{"id":1836,"date":"2022-07-19T17:00:29","date_gmt":"2022-07-19T15:00:29","guid":{"rendered":"https:\/\/www.studiouckmar.com\/abogado-stefano-zaga\/"},"modified":"2024-10-25T16:21:35","modified_gmt":"2024-10-25T14:21:35","slug":"abogado-stefano-zaga","status":"publish","type":"post","link":"https:\/\/www.studiouckmar.com\/es\/abogado-stefano-zaga\/","title":{"rendered":"Prof. Abogado Stefano Zag\u00e0"},"content":{"rendered":"\n<p><\/p>\n\n<div style=\"height:30px\" aria-hidden=\"true\" class=\"wp-block-spacer\"><\/div>\n\n<h5 class=\"wp-block-heading\">SEDE CENTRAL<\/h5>\n\n<p><strong>Milano<\/strong><br\/><a>studiomi@uckmar.com<\/a><\/p>\n\n<div style=\"height:30px\" aria-hidden=\"true\" class=\"wp-block-spacer\"><\/div>\n\n<h5 class=\"wp-block-heading\">\u00c1REA DE ACTIVIDAD<\/h5>\n\n<p>&#8211; Derecho fiscal, mercantil y civil<\/p>\n\n<div style=\"height:30px\" aria-hidden=\"true\" class=\"wp-block-spacer\"><\/div>\n\n<h5 class=\"wp-block-heading\">ESPECIALIDADES<\/h5>\n\n<p>&#8211; Fiscalidad de las empresas y litigios<\/p>\n\n<div style=\"height:30px\" aria-hidden=\"true\" class=\"wp-block-spacer\"><\/div>\n\n<h5 class=\"wp-block-heading\">EXPERIENCIA PROFESIONAL Y FORMACI\u00d3N<\/h5>\n\n<p>&#8211; Desde 2012: Doctor en Administraci\u00f3n P\u00fablica de Econom\u00eda y Finanzas por la Universidad de Bari.<br\/>&#8211; Desde 2010: Miembro activo del consejo editorial de Diritto e pratica tributaria.<br\/>&#8211; Desde 2010: Investigador en el centro de investigaci\u00f3n Accountax Lab de la Universidad de Brescia.<br\/><br\/><br\/>&#8211; Desde 2008: Profesor certificado por la Asociaci\u00f3n Europea de Planificaci\u00f3n Financiera (EFPA) &#8211; 2006: Curso de formaci\u00f3n avanzada \u00abScuola del difensore tributario\u00bb, Ipsoa, director prof. Cesare Glendi &#8211; 2006: Profesor de derecho fiscal, Universidad de Brescia.<br\/>&#8211; 2005: Miembro del Comit\u00e9 T\u00e9cnico Fiscal, Universidad L. Bocconi, Mil\u00e1n.<br\/>&#8211; 2005: Studio Uckmar, Mil\u00e1n.<br\/>&#8211; 2004-2005: Master en Derecho Fiscal, Ipsoa, Mil\u00e1n, graduado con distinci\u00f3n.<br\/>&#8211; 2001: Licenciatura en Derecho, Universidad de Lecce.<\/p>\n\n<div style=\"height:50px\" aria-hidden=\"true\" class=\"wp-block-spacer\"><\/div>\n\n<h5 class=\"wp-block-heading\">IDIOMAS<\/h5>\n\n<p>Italiano, ingl\u00e9s<\/p>\n\n<div style=\"height:50px\" aria-hidden=\"true\" class=\"wp-block-spacer\"><\/div>\n\n<hr class=\"wp-block-separator has-alpha-channel-opacity\"\/>\n\n<h2 class=\"wp-block-heading\"><strong>Publicaciones<\/strong><\/h2>\n\n<h5 class=\"wp-block-heading\">PUBLICACIONES  <\/h5>\n\n<p>&#8211; La regla de la desestimaci\u00f3n de los vicios formales y de procedimiento en los actos administrativos vinculantes y el vicio en la motivaci\u00f3n del justificante de pago, en Dir. prat. Trib., n\u00ba 3, 2013, 461.<br\/>&#8211; <em>Le <\/em>invalidit\u00e0 degli atti impositivi, Cedam, 2012.<br\/>&#8211; Critical <em>aspects <\/em>of presumptive assessments arising from bank investigations of third-party accounts, en Financial Instruments and Taxation, 2011.<br\/><em><br\/><\/em><br\/>&#8211; <em>L&#8217;applicabilit\u00e0 ai vincoli di destinazione ed ai trusti della (re)istituita imposta sulle succioni e donazioni, in Dir. prat. trib., 2010, p. 839. &#8211; Effetti dello scudo fiscale in presenza di cause ostative, in Trusts e attivit\u00e0 fiduciarie, 3\/2010, p. 256.<\/em> &#8211; Sull&#8217;inammissibilit\u00e0 del ricorso per cassazione per mancata integrazione del contraddittorio a causa dell&#8217;irrituale notifica all&#8217;estero del relativo atto, in GT Rivista di giurisprudenza tributaria, 2010, p. 411.<br\/>&#8211; Il vizio dell&#8217;omessa indicazione del responsabile del procedimento nella disciplina generale dell&#8217;invalidit\u00e0 degli atti amministrativi tributari: brevi spunti ricostruttivi a margine di due pronunce di merito, in Dir. prat. trib., 2009, II, 931 ss.<br\/>&#8211; Le cause ostative, en AA.VV., Lo scudo fiscale, Mil\u00e1n, 2009, p. 109.<br\/>&#8211; Los diferentes perfiles de ingresos relevancia de la \u00abutilizaci\u00f3n financiera\u00bb en las p\u00f3lizas de seguros de las indemnizaciones por despido de los directivos, en Dir. prat. trib., 2008.<br\/>&#8211; Nueva censura por ilegitimidad constitucional de las normas sobre notificaci\u00f3n en el extranjero de documentos fiscales sustantivos, en Nuova Giurisprudenza ligure, n\u00ba. <br\/><br\/>2, 2007 &#8211; La disciplina fiscale delle Siiq in Italia, en Dir. prat. trib. int., 2007 &#8211; La \u00abquestione\u00bb delle notifiche all&#8217;estero di atti tributari sostanziali, tra \u00abconfermeme\u00bb della giurisprudenza di legittimit\u00e0 e l&#8217;attesa di una probabile ed imminente dichiarazione di incostituzionalit\u00e0<strong>, <\/strong>en Dir. prat. trib., 2007, 327<strong>.<\/strong><br\/>&#8211; <em>Manovra bis:<\/em> las nuevas normas para determinar los ingresos de los trabajadores aut\u00f3nomos, en  <em>Dir. prat. trib<\/em>., 2006, 897.<br\/>&#8211; <em>Sul <\/em>nuovo sistema di tassazione del contratto di associazione in partecipazione con apporto di capitale in natura<strong>, <\/strong>in Dir. prat. trib., 2006, 545.<\/p>\n","protected":false},"excerpt":{"rendered":"<p>SEDE CENTRAL Milanostudiomi@uckmar.com \u00c1REA DE ACTIVIDAD &#8211; Derecho fiscal, mercantil y civil ESPECIALIDADES &#8211; Fiscalidad de las empresas y litigios EXPERIENCIA PROFESIONAL Y FORMACI\u00d3N &#8211; Desde 2012: Doctor en Administraci\u00f3n P\u00fablica de Econom\u00eda y Finanzas por la Universidad de Bari.&#8211; Desde 2010: Miembro activo del consejo editorial de Diritto e pratica tributaria.&#8211; Desde 2010: Investigador [&hellip;]<\/p>\n","protected":false},"author":2,"featured_media":752,"comment_status":"open","ping_status":"open","sticky":false,"template":"","format":"standard","meta":{"_et_pb_use_builder":"off","_et_pb_old_content":"","_et_gb_content_width":"","footnotes":""},"categories":[24],"tags":[],"class_list":["post-1836","post","type-post","status-publish","format-standard","has-post-thumbnail","hentry","category-profesionales"],"yoast_head":"<!-- This site is optimized with the Yoast SEO plugin v27.5 - https:\/\/yoast.com\/product\/yoast-seo-wordpress\/ -->\n<title>Prof. Abogado Stefano Zag\u00e0 - Studio Uckmar<\/title>\n<meta name=\"robots\" content=\"index, follow, max-snippet:-1, max-image-preview:large, max-video-preview:-1\" \/>\n<link rel=\"canonical\" href=\"https:\/\/www.studiouckmar.com\/es\/abogado-stefano-zaga\/\" \/>\n<meta property=\"og:locale\" content=\"es_ES\" \/>\n<meta property=\"og:type\" content=\"article\" \/>\n<meta property=\"og:title\" content=\"Prof. Abogado Stefano Zag\u00e0 - Studio Uckmar\" \/>\n<meta property=\"og:description\" content=\"SEDE CENTRAL Milanostudiomi@uckmar.com \u00c1REA DE ACTIVIDAD &#8211; Derecho fiscal, mercantil y civil ESPECIALIDADES &#8211; Fiscalidad de las empresas y litigios EXPERIENCIA PROFESIONAL Y FORMACI\u00d3N &#8211; Desde 2012: Doctor en Administraci\u00f3n P\u00fablica de Econom\u00eda y Finanzas por la Universidad de Bari.&#8211; Desde 2010: Miembro activo del consejo editorial de Diritto e pratica tributaria.&#8211; Desde 2010: Investigador [&hellip;]\" \/>\n<meta property=\"og:url\" content=\"https:\/\/www.studiouckmar.com\/es\/abogado-stefano-zaga\/\" \/>\n<meta property=\"og:site_name\" content=\"Studio Uckmar\" \/>\n<meta property=\"article:published_time\" content=\"2022-07-19T15:00:29+00:00\" \/>\n<meta property=\"article:modified_time\" content=\"2024-10-25T14:21:35+00:00\" \/>\n<meta property=\"og:image\" content=\"https:\/\/www.studiouckmar.com\/wp-content\/uploads\/2022\/07\/stefanozaga.jpg\" \/>\n\t<meta property=\"og:image:width\" content=\"220\" \/>\n\t<meta property=\"og:image:height\" content=\"250\" \/>\n\t<meta property=\"og:image:type\" content=\"image\/jpeg\" \/>\n<meta name=\"author\" content=\"giuliana\" \/>\n<meta name=\"twitter:card\" content=\"summary_large_image\" \/>\n<meta name=\"twitter:label1\" content=\"Escrito por\" \/>\n\t<meta name=\"twitter:data1\" content=\"giuliana\" \/>\n\t<meta name=\"twitter:label2\" content=\"Tiempo de lectura\" \/>\n\t<meta name=\"twitter:data2\" content=\"2 minutos\" \/>\n<script type=\"application\/ld+json\" class=\"yoast-schema-graph\">{\"@context\":\"https:\\\/\\\/schema.org\",\"@graph\":[{\"@type\":\"Article\",\"@id\":\"https:\\\/\\\/www.studiouckmar.com\\\/es\\\/abogado-stefano-zaga\\\/#article\",\"isPartOf\":{\"@id\":\"https:\\\/\\\/www.studiouckmar.com\\\/es\\\/abogado-stefano-zaga\\\/\"},\"author\":{\"name\":\"giuliana\",\"@id\":\"https:\\\/\\\/www.studiouckmar.com\\\/#\\\/schema\\\/person\\\/969d8f4f8c54eb716f2f5d40e37a74d5\"},\"headline\":\"Prof. Abogado Stefano Zag\u00e0\",\"datePublished\":\"2022-07-19T15:00:29+00:00\",\"dateModified\":\"2024-10-25T14:21:35+00:00\",\"mainEntityOfPage\":{\"@id\":\"https:\\\/\\\/www.studiouckmar.com\\\/es\\\/abogado-stefano-zaga\\\/\"},\"wordCount\":466,\"commentCount\":0,\"image\":{\"@id\":\"https:\\\/\\\/www.studiouckmar.com\\\/es\\\/abogado-stefano-zaga\\\/#primaryimage\"},\"thumbnailUrl\":\"https:\\\/\\\/www.studiouckmar.com\\\/wp-content\\\/uploads\\\/2022\\\/07\\\/stefanozaga.jpg\",\"articleSection\":[\"Profesionales\"],\"inLanguage\":\"es\",\"potentialAction\":[{\"@type\":\"CommentAction\",\"name\":\"Comment\",\"target\":[\"https:\\\/\\\/www.studiouckmar.com\\\/es\\\/abogado-stefano-zaga\\\/#respond\"]}]},{\"@type\":\"WebPage\",\"@id\":\"https:\\\/\\\/www.studiouckmar.com\\\/es\\\/abogado-stefano-zaga\\\/\",\"url\":\"https:\\\/\\\/www.studiouckmar.com\\\/es\\\/abogado-stefano-zaga\\\/\",\"name\":\"Prof. Abogado Stefano Zag\u00e0 - Studio Uckmar\",\"isPartOf\":{\"@id\":\"https:\\\/\\\/www.studiouckmar.com\\\/#website\"},\"primaryImageOfPage\":{\"@id\":\"https:\\\/\\\/www.studiouckmar.com\\\/es\\\/abogado-stefano-zaga\\\/#primaryimage\"},\"image\":{\"@id\":\"https:\\\/\\\/www.studiouckmar.com\\\/es\\\/abogado-stefano-zaga\\\/#primaryimage\"},\"thumbnailUrl\":\"https:\\\/\\\/www.studiouckmar.com\\\/wp-content\\\/uploads\\\/2022\\\/07\\\/stefanozaga.jpg\",\"datePublished\":\"2022-07-19T15:00:29+00:00\",\"dateModified\":\"2024-10-25T14:21:35+00:00\",\"author\":{\"@id\":\"https:\\\/\\\/www.studiouckmar.com\\\/#\\\/schema\\\/person\\\/969d8f4f8c54eb716f2f5d40e37a74d5\"},\"breadcrumb\":{\"@id\":\"https:\\\/\\\/www.studiouckmar.com\\\/es\\\/abogado-stefano-zaga\\\/#breadcrumb\"},\"inLanguage\":\"es\",\"potentialAction\":[{\"@type\":\"ReadAction\",\"target\":[\"https:\\\/\\\/www.studiouckmar.com\\\/es\\\/abogado-stefano-zaga\\\/\"]}]},{\"@type\":\"ImageObject\",\"inLanguage\":\"es\",\"@id\":\"https:\\\/\\\/www.studiouckmar.com\\\/es\\\/abogado-stefano-zaga\\\/#primaryimage\",\"url\":\"https:\\\/\\\/www.studiouckmar.com\\\/wp-content\\\/uploads\\\/2022\\\/07\\\/stefanozaga.jpg\",\"contentUrl\":\"https:\\\/\\\/www.studiouckmar.com\\\/wp-content\\\/uploads\\\/2022\\\/07\\\/stefanozaga.jpg\",\"width\":220,\"height\":250,\"caption\":\"avvocato stefano zaga Studio Uckmar Milano\"},{\"@type\":\"BreadcrumbList\",\"@id\":\"https:\\\/\\\/www.studiouckmar.com\\\/es\\\/abogado-stefano-zaga\\\/#breadcrumb\",\"itemListElement\":[{\"@type\":\"ListItem\",\"position\":1,\"name\":\"Home\",\"item\":\"https:\\\/\\\/www.studiouckmar.com\\\/es\\\/pagina-de-inicio\\\/\"},{\"@type\":\"ListItem\",\"position\":2,\"name\":\"Prof. Abogado Stefano Zag\u00e0\"}]},{\"@type\":\"WebSite\",\"@id\":\"https:\\\/\\\/www.studiouckmar.com\\\/#website\",\"url\":\"https:\\\/\\\/www.studiouckmar.com\\\/\",\"name\":\"Studio Uckmar\",\"description\":\"associazione avvocati professionale\",\"potentialAction\":[{\"@type\":\"SearchAction\",\"target\":{\"@type\":\"EntryPoint\",\"urlTemplate\":\"https:\\\/\\\/www.studiouckmar.com\\\/?s={search_term_string}\"},\"query-input\":{\"@type\":\"PropertyValueSpecification\",\"valueRequired\":true,\"valueName\":\"search_term_string\"}}],\"inLanguage\":\"es\"},{\"@type\":\"Person\",\"@id\":\"https:\\\/\\\/www.studiouckmar.com\\\/#\\\/schema\\\/person\\\/969d8f4f8c54eb716f2f5d40e37a74d5\",\"name\":\"giuliana\",\"image\":{\"@type\":\"ImageObject\",\"inLanguage\":\"es\",\"@id\":\"https:\\\/\\\/secure.gravatar.com\\\/avatar\\\/dad2c63e04a058eb800af186bda769919d993e72c4931473299f441f5f25e32b?s=96&d=mm&r=g\",\"url\":\"https:\\\/\\\/secure.gravatar.com\\\/avatar\\\/dad2c63e04a058eb800af186bda769919d993e72c4931473299f441f5f25e32b?s=96&d=mm&r=g\",\"contentUrl\":\"https:\\\/\\\/secure.gravatar.com\\\/avatar\\\/dad2c63e04a058eb800af186bda769919d993e72c4931473299f441f5f25e32b?s=96&d=mm&r=g\",\"caption\":\"giuliana\"},\"url\":\"https:\\\/\\\/www.studiouckmar.com\\\/es\\\/author\\\/giuliana\\\/\"}]}<\/script>\n<!-- \/ Yoast SEO plugin. -->","yoast_head_json":{"title":"Prof. Abogado Stefano Zag\u00e0 - Studio Uckmar","robots":{"index":"index","follow":"follow","max-snippet":"max-snippet:-1","max-image-preview":"max-image-preview:large","max-video-preview":"max-video-preview:-1"},"canonical":"https:\/\/www.studiouckmar.com\/es\/abogado-stefano-zaga\/","og_locale":"es_ES","og_type":"article","og_title":"Prof. Abogado Stefano Zag\u00e0 - Studio Uckmar","og_description":"SEDE CENTRAL Milanostudiomi@uckmar.com \u00c1REA DE ACTIVIDAD &#8211; Derecho fiscal, mercantil y civil ESPECIALIDADES &#8211; Fiscalidad de las empresas y litigios EXPERIENCIA PROFESIONAL Y FORMACI\u00d3N &#8211; Desde 2012: Doctor en Administraci\u00f3n P\u00fablica de Econom\u00eda y Finanzas por la Universidad de Bari.&#8211; Desde 2010: Miembro activo del consejo editorial de Diritto e pratica tributaria.&#8211; Desde 2010: Investigador [&hellip;]","og_url":"https:\/\/www.studiouckmar.com\/es\/abogado-stefano-zaga\/","og_site_name":"Studio Uckmar","article_published_time":"2022-07-19T15:00:29+00:00","article_modified_time":"2024-10-25T14:21:35+00:00","og_image":[{"width":220,"height":250,"url":"https:\/\/www.studiouckmar.com\/wp-content\/uploads\/2022\/07\/stefanozaga.jpg","type":"image\/jpeg"}],"author":"giuliana","twitter_card":"summary_large_image","twitter_misc":{"Escrito por":"giuliana","Tiempo de lectura":"2 minutos"},"schema":{"@context":"https:\/\/schema.org","@graph":[{"@type":"Article","@id":"https:\/\/www.studiouckmar.com\/es\/abogado-stefano-zaga\/#article","isPartOf":{"@id":"https:\/\/www.studiouckmar.com\/es\/abogado-stefano-zaga\/"},"author":{"name":"giuliana","@id":"https:\/\/www.studiouckmar.com\/#\/schema\/person\/969d8f4f8c54eb716f2f5d40e37a74d5"},"headline":"Prof. Abogado Stefano Zag\u00e0","datePublished":"2022-07-19T15:00:29+00:00","dateModified":"2024-10-25T14:21:35+00:00","mainEntityOfPage":{"@id":"https:\/\/www.studiouckmar.com\/es\/abogado-stefano-zaga\/"},"wordCount":466,"commentCount":0,"image":{"@id":"https:\/\/www.studiouckmar.com\/es\/abogado-stefano-zaga\/#primaryimage"},"thumbnailUrl":"https:\/\/www.studiouckmar.com\/wp-content\/uploads\/2022\/07\/stefanozaga.jpg","articleSection":["Profesionales"],"inLanguage":"es","potentialAction":[{"@type":"CommentAction","name":"Comment","target":["https:\/\/www.studiouckmar.com\/es\/abogado-stefano-zaga\/#respond"]}]},{"@type":"WebPage","@id":"https:\/\/www.studiouckmar.com\/es\/abogado-stefano-zaga\/","url":"https:\/\/www.studiouckmar.com\/es\/abogado-stefano-zaga\/","name":"Prof. Abogado Stefano Zag\u00e0 - Studio Uckmar","isPartOf":{"@id":"https:\/\/www.studiouckmar.com\/#website"},"primaryImageOfPage":{"@id":"https:\/\/www.studiouckmar.com\/es\/abogado-stefano-zaga\/#primaryimage"},"image":{"@id":"https:\/\/www.studiouckmar.com\/es\/abogado-stefano-zaga\/#primaryimage"},"thumbnailUrl":"https:\/\/www.studiouckmar.com\/wp-content\/uploads\/2022\/07\/stefanozaga.jpg","datePublished":"2022-07-19T15:00:29+00:00","dateModified":"2024-10-25T14:21:35+00:00","author":{"@id":"https:\/\/www.studiouckmar.com\/#\/schema\/person\/969d8f4f8c54eb716f2f5d40e37a74d5"},"breadcrumb":{"@id":"https:\/\/www.studiouckmar.com\/es\/abogado-stefano-zaga\/#breadcrumb"},"inLanguage":"es","potentialAction":[{"@type":"ReadAction","target":["https:\/\/www.studiouckmar.com\/es\/abogado-stefano-zaga\/"]}]},{"@type":"ImageObject","inLanguage":"es","@id":"https:\/\/www.studiouckmar.com\/es\/abogado-stefano-zaga\/#primaryimage","url":"https:\/\/www.studiouckmar.com\/wp-content\/uploads\/2022\/07\/stefanozaga.jpg","contentUrl":"https:\/\/www.studiouckmar.com\/wp-content\/uploads\/2022\/07\/stefanozaga.jpg","width":220,"height":250,"caption":"avvocato stefano zaga Studio Uckmar Milano"},{"@type":"BreadcrumbList","@id":"https:\/\/www.studiouckmar.com\/es\/abogado-stefano-zaga\/#breadcrumb","itemListElement":[{"@type":"ListItem","position":1,"name":"Home","item":"https:\/\/www.studiouckmar.com\/es\/pagina-de-inicio\/"},{"@type":"ListItem","position":2,"name":"Prof. Abogado Stefano Zag\u00e0"}]},{"@type":"WebSite","@id":"https:\/\/www.studiouckmar.com\/#website","url":"https:\/\/www.studiouckmar.com\/","name":"Studio Uckmar","description":"associazione avvocati professionale","potentialAction":[{"@type":"SearchAction","target":{"@type":"EntryPoint","urlTemplate":"https:\/\/www.studiouckmar.com\/?s={search_term_string}"},"query-input":{"@type":"PropertyValueSpecification","valueRequired":true,"valueName":"search_term_string"}}],"inLanguage":"es"},{"@type":"Person","@id":"https:\/\/www.studiouckmar.com\/#\/schema\/person\/969d8f4f8c54eb716f2f5d40e37a74d5","name":"giuliana","image":{"@type":"ImageObject","inLanguage":"es","@id":"https:\/\/secure.gravatar.com\/avatar\/dad2c63e04a058eb800af186bda769919d993e72c4931473299f441f5f25e32b?s=96&d=mm&r=g","url":"https:\/\/secure.gravatar.com\/avatar\/dad2c63e04a058eb800af186bda769919d993e72c4931473299f441f5f25e32b?s=96&d=mm&r=g","contentUrl":"https:\/\/secure.gravatar.com\/avatar\/dad2c63e04a058eb800af186bda769919d993e72c4931473299f441f5f25e32b?s=96&d=mm&r=g","caption":"giuliana"},"url":"https:\/\/www.studiouckmar.com\/es\/author\/giuliana\/"}]}},"_links":{"self":[{"href":"https:\/\/www.studiouckmar.com\/es\/wp-json\/wp\/v2\/posts\/1836","targetHints":{"allow":["GET"]}}],"collection":[{"href":"https:\/\/www.studiouckmar.com\/es\/wp-json\/wp\/v2\/posts"}],"about":[{"href":"https:\/\/www.studiouckmar.com\/es\/wp-json\/wp\/v2\/types\/post"}],"author":[{"embeddable":true,"href":"https:\/\/www.studiouckmar.com\/es\/wp-json\/wp\/v2\/users\/2"}],"replies":[{"embeddable":true,"href":"https:\/\/www.studiouckmar.com\/es\/wp-json\/wp\/v2\/comments?post=1836"}],"version-history":[{"count":5,"href":"https:\/\/www.studiouckmar.com\/es\/wp-json\/wp\/v2\/posts\/1836\/revisions"}],"predecessor-version":[{"id":2497,"href":"https:\/\/www.studiouckmar.com\/es\/wp-json\/wp\/v2\/posts\/1836\/revisions\/2497"}],"wp:featuredmedia":[{"embeddable":true,"href":"https:\/\/www.studiouckmar.com\/es\/wp-json\/wp\/v2\/media\/752"}],"wp:attachment":[{"href":"https:\/\/www.studiouckmar.com\/es\/wp-json\/wp\/v2\/media?parent=1836"}],"wp:term":[{"taxonomy":"category","embeddable":true,"href":"https:\/\/www.studiouckmar.com\/es\/wp-json\/wp\/v2\/categories?post=1836"},{"taxonomy":"post_tag","embeddable":true,"href":"https:\/\/www.studiouckmar.com\/es\/wp-json\/wp\/v2\/tags?post=1836"}],"curies":[{"name":"wp","href":"https:\/\/api.w.org\/{rel}","templated":true}]}}