{"id":1842,"date":"2022-07-19T17:15:52","date_gmt":"2022-07-19T15:15:52","guid":{"rendered":"https:\/\/www.studiouckmar.com\/abogada-francesca-fasso\/"},"modified":"2024-10-01T11:20:55","modified_gmt":"2024-10-01T09:20:55","slug":"abogada-francesca-fasso","status":"publish","type":"post","link":"https:\/\/www.studiouckmar.com\/es\/abogada-francesca-fasso\/","title":{"rendered":"Abog. Francesca Fass\u00f2"},"content":{"rendered":"\n<p><\/p>\n\n<div style=\"height:30px\" aria-hidden=\"true\" class=\"wp-block-spacer\"><\/div>\n\n<h5 class=\"wp-block-heading\">SEDE CENTRAL<\/h5>\n\n<p>&#8211; Mil\u00e1n<\/p>\n\n<p><a href=\"file:\/\/\/Users\/giuliadonato\/Downloads\/Studio%20uckmar%20-%20HTML\/studiomi@uckmar.com\">studiomi@uckmar.com<\/a><\/p>\n\n<div style=\"height:30px\" aria-hidden=\"true\" class=\"wp-block-spacer\"><\/div>\n\n<h5 class=\"wp-block-heading\">\u00c1REAS DE ACTIVIDAD<\/h5>\n\n<p>&#8211; Derecho fiscal, nacional e internacional, derecho civil<\/p>\n\n<div style=\"height:30px\" aria-hidden=\"true\" class=\"wp-block-spacer\"><\/div>\n\n<h5 class=\"wp-block-heading\">ESPECIALIDADES<\/h5>\n\n<p>&#8211; Litigios fiscales;<\/p>\n\n<p>&#8211; Asesoramiento fiscal y civil a particulares y empresas<\/p>\n\n<div style=\"height:30px\" aria-hidden=\"true\" class=\"wp-block-spacer\"><\/div>\n\n<h5 class=\"wp-block-heading\">EXPERIENCIA PROFESIONAL Y FORMACI\u00d3N<\/h5>\n\n<p>&#8211; 2020: Doctorado en \u00abEmpresa y Derecho &#8211; Instituciones y empresa: valor, normas y responsabilidad social\u00bb, en la Universidad de Brescia<br\/>&#8211; 2019: Estudiante de doctorado visitante en la Oficina Internacional de Documentaci\u00f3n Fiscal (IBFD), \u00c1msterdam<br\/>&#8211; 2017: Tutor de asignatura en Derecho Fiscal, Universidad de Brescia<br\/>&#8211; 2015: Inicio de la colaboraci\u00f3n con las revistas \u00abDiritto e Pratica Tributaria\u00bb, \u00abDiritto e Pratica Tributaria Internazionale\u00bb y \u00abStrumenti Finanziari e Fiscalit\u00e0\u00bb.<br\/>&#8211; 2015: Estudio Uckmar, Mil\u00e1n<br\/>&#8211; 2015: Obtenci\u00f3n de la habilitaci\u00f3n profesional de abogado en el Colegio de Abogados de Bolonia<br\/>&#8211; 2014-2015: M\u00e1ster en Derecho Fiscal &#8216;A. Berliri&#8217;, Alma Mater Studiorum &#8211; Universidad de Bolonia, Escuela Europea de Altos Estudios Fiscales<br\/>&#8211; 2011: M\u00e1ster en Derecho con una nota de 110\/110 cum laude, Alma Mater Studiorum &#8211; Universidad de Bolonia  <\/p>\n\n<div style=\"height:30px\" aria-hidden=\"true\" class=\"wp-block-spacer\"><\/div>\n\n<h5 class=\"wp-block-heading\">IDIOMAS<\/h5>\n\n<p>Italiano, ingl\u00e9s<\/p>\n\n<div style=\"height:50px\" aria-hidden=\"true\" class=\"wp-block-spacer\"><\/div>\n\n<hr class=\"wp-block-separator has-alpha-channel-opacity\"\/>\n","protected":false},"excerpt":{"rendered":"<p>SEDE CENTRAL &#8211; Mil\u00e1n studiomi@uckmar.com \u00c1REAS DE ACTIVIDAD &#8211; Derecho fiscal, nacional e internacional, derecho civil ESPECIALIDADES &#8211; Litigios fiscales; &#8211; Asesoramiento fiscal y civil a particulares y empresas EXPERIENCIA PROFESIONAL Y FORMACI\u00d3N &#8211; 2020: Doctorado en \u00abEmpresa y Derecho &#8211; Instituciones y empresa: valor, normas y responsabilidad social\u00bb, en la Universidad de Brescia&#8211; 2019: [&hellip;]<\/p>\n","protected":false},"author":4,"featured_media":738,"comment_status":"open","ping_status":"open","sticky":false,"template":"","format":"standard","meta":{"_et_pb_use_builder":"off","_et_pb_old_content":"","_et_gb_content_width":"","footnotes":""},"categories":[24],"tags":[],"class_list":["post-1842","post","type-post","status-publish","format-standard","has-post-thumbnail","hentry","category-profesionales"],"yoast_head":"<!-- This site is optimized with the Yoast SEO plugin v27.5 - https:\/\/yoast.com\/product\/yoast-seo-wordpress\/ -->\n<title>Abog. Francesca Fass\u00f2 - Studio Uckmar<\/title>\n<meta name=\"robots\" content=\"index, follow, max-snippet:-1, max-image-preview:large, max-video-preview:-1\" \/>\n<link rel=\"canonical\" href=\"https:\/\/www.studiouckmar.com\/es\/abogada-francesca-fasso\/\" \/>\n<meta property=\"og:locale\" content=\"es_ES\" \/>\n<meta property=\"og:type\" content=\"article\" \/>\n<meta property=\"og:title\" content=\"Abog. Francesca Fass\u00f2 - Studio Uckmar\" \/>\n<meta property=\"og:description\" content=\"SEDE CENTRAL &#8211; Mil\u00e1n studiomi@uckmar.com \u00c1REAS DE ACTIVIDAD &#8211; Derecho fiscal, nacional e internacional, derecho civil ESPECIALIDADES &#8211; Litigios fiscales; &#8211; Asesoramiento fiscal y civil a particulares y empresas EXPERIENCIA PROFESIONAL Y FORMACI\u00d3N &#8211; 2020: Doctorado en \u00abEmpresa y Derecho &#8211; Instituciones y empresa: valor, normas y responsabilidad social\u00bb, en la Universidad de Brescia&#8211; 2019: [&hellip;]\" \/>\n<meta property=\"og:url\" content=\"https:\/\/www.studiouckmar.com\/es\/abogada-francesca-fasso\/\" \/>\n<meta property=\"og:site_name\" content=\"Studio Uckmar\" \/>\n<meta property=\"article:published_time\" content=\"2022-07-19T15:15:52+00:00\" \/>\n<meta property=\"article:modified_time\" content=\"2024-10-01T09:20:55+00:00\" \/>\n<meta property=\"og:image\" content=\"https:\/\/www.studiouckmar.com\/wp-content\/uploads\/2022\/07\/Avvfrancescafasso.jpg\" \/>\n\t<meta property=\"og:image:width\" content=\"220\" \/>\n\t<meta property=\"og:image:height\" content=\"250\" \/>\n\t<meta property=\"og:image:type\" content=\"image\/jpeg\" \/>\n<meta name=\"author\" content=\"studiouckmar\" \/>\n<meta name=\"twitter:card\" content=\"summary_large_image\" \/>\n<meta name=\"twitter:label1\" content=\"Escrito por\" \/>\n\t<meta name=\"twitter:data1\" content=\"studiouckmar\" \/>\n\t<meta name=\"twitter:label2\" content=\"Tiempo de lectura\" \/>\n\t<meta name=\"twitter:data2\" content=\"1 minuto\" \/>\n<script type=\"application\/ld+json\" class=\"yoast-schema-graph\">{\"@context\":\"https:\\\/\\\/schema.org\",\"@graph\":[{\"@type\":\"Article\",\"@id\":\"https:\\\/\\\/www.studiouckmar.com\\\/es\\\/abogada-francesca-fasso\\\/#article\",\"isPartOf\":{\"@id\":\"https:\\\/\\\/www.studiouckmar.com\\\/es\\\/abogada-francesca-fasso\\\/\"},\"author\":{\"name\":\"studiouckmar\",\"@id\":\"https:\\\/\\\/www.studiouckmar.com\\\/#\\\/schema\\\/person\\\/2fd63aff047098a9fb8d90a5f062acdd\"},\"headline\":\"Abog. Francesca Fass\u00f2\",\"datePublished\":\"2022-07-19T15:15:52+00:00\",\"dateModified\":\"2024-10-01T09:20:55+00:00\",\"mainEntityOfPage\":{\"@id\":\"https:\\\/\\\/www.studiouckmar.com\\\/es\\\/abogada-francesca-fasso\\\/\"},\"wordCount\":168,\"commentCount\":0,\"image\":{\"@id\":\"https:\\\/\\\/www.studiouckmar.com\\\/es\\\/abogada-francesca-fasso\\\/#primaryimage\"},\"thumbnailUrl\":\"https:\\\/\\\/www.studiouckmar.com\\\/wp-content\\\/uploads\\\/2022\\\/07\\\/Avvfrancescafasso.jpg\",\"articleSection\":[\"Profesionales\"],\"inLanguage\":\"es\",\"potentialAction\":[{\"@type\":\"CommentAction\",\"name\":\"Comment\",\"target\":[\"https:\\\/\\\/www.studiouckmar.com\\\/es\\\/abogada-francesca-fasso\\\/#respond\"]}]},{\"@type\":\"WebPage\",\"@id\":\"https:\\\/\\\/www.studiouckmar.com\\\/es\\\/abogada-francesca-fasso\\\/\",\"url\":\"https:\\\/\\\/www.studiouckmar.com\\\/es\\\/abogada-francesca-fasso\\\/\",\"name\":\"Abog. Francesca Fass\u00f2 - Studio Uckmar\",\"isPartOf\":{\"@id\":\"https:\\\/\\\/www.studiouckmar.com\\\/#website\"},\"primaryImageOfPage\":{\"@id\":\"https:\\\/\\\/www.studiouckmar.com\\\/es\\\/abogada-francesca-fasso\\\/#primaryimage\"},\"image\":{\"@id\":\"https:\\\/\\\/www.studiouckmar.com\\\/es\\\/abogada-francesca-fasso\\\/#primaryimage\"},\"thumbnailUrl\":\"https:\\\/\\\/www.studiouckmar.com\\\/wp-content\\\/uploads\\\/2022\\\/07\\\/Avvfrancescafasso.jpg\",\"datePublished\":\"2022-07-19T15:15:52+00:00\",\"dateModified\":\"2024-10-01T09:20:55+00:00\",\"author\":{\"@id\":\"https:\\\/\\\/www.studiouckmar.com\\\/#\\\/schema\\\/person\\\/2fd63aff047098a9fb8d90a5f062acdd\"},\"breadcrumb\":{\"@id\":\"https:\\\/\\\/www.studiouckmar.com\\\/es\\\/abogada-francesca-fasso\\\/#breadcrumb\"},\"inLanguage\":\"es\",\"potentialAction\":[{\"@type\":\"ReadAction\",\"target\":[\"https:\\\/\\\/www.studiouckmar.com\\\/es\\\/abogada-francesca-fasso\\\/\"]}]},{\"@type\":\"ImageObject\",\"inLanguage\":\"es\",\"@id\":\"https:\\\/\\\/www.studiouckmar.com\\\/es\\\/abogada-francesca-fasso\\\/#primaryimage\",\"url\":\"https:\\\/\\\/www.studiouckmar.com\\\/wp-content\\\/uploads\\\/2022\\\/07\\\/Avvfrancescafasso.jpg\",\"contentUrl\":\"https:\\\/\\\/www.studiouckmar.com\\\/wp-content\\\/uploads\\\/2022\\\/07\\\/Avvfrancescafasso.jpg\",\"width\":220,\"height\":250,\"caption\":\"Avv francesca fasso\"},{\"@type\":\"BreadcrumbList\",\"@id\":\"https:\\\/\\\/www.studiouckmar.com\\\/es\\\/abogada-francesca-fasso\\\/#breadcrumb\",\"itemListElement\":[{\"@type\":\"ListItem\",\"position\":1,\"name\":\"Home\",\"item\":\"https:\\\/\\\/www.studiouckmar.com\\\/es\\\/pagina-de-inicio\\\/\"},{\"@type\":\"ListItem\",\"position\":2,\"name\":\"Abog. Francesca Fass\u00f2\"}]},{\"@type\":\"WebSite\",\"@id\":\"https:\\\/\\\/www.studiouckmar.com\\\/#website\",\"url\":\"https:\\\/\\\/www.studiouckmar.com\\\/\",\"name\":\"Studio Uckmar\",\"description\":\"associazione avvocati professionale\",\"potentialAction\":[{\"@type\":\"SearchAction\",\"target\":{\"@type\":\"EntryPoint\",\"urlTemplate\":\"https:\\\/\\\/www.studiouckmar.com\\\/?s={search_term_string}\"},\"query-input\":{\"@type\":\"PropertyValueSpecification\",\"valueRequired\":true,\"valueName\":\"search_term_string\"}}],\"inLanguage\":\"es\"},{\"@type\":\"Person\",\"@id\":\"https:\\\/\\\/www.studiouckmar.com\\\/#\\\/schema\\\/person\\\/2fd63aff047098a9fb8d90a5f062acdd\",\"name\":\"studiouckmar\",\"image\":{\"@type\":\"ImageObject\",\"inLanguage\":\"es\",\"@id\":\"https:\\\/\\\/secure.gravatar.com\\\/avatar\\\/d9c2dfa2af2908bee6b1eeb71f102ea0447a588eff53257640fc5b72a5f554f9?s=96&d=mm&r=g\",\"url\":\"https:\\\/\\\/secure.gravatar.com\\\/avatar\\\/d9c2dfa2af2908bee6b1eeb71f102ea0447a588eff53257640fc5b72a5f554f9?s=96&d=mm&r=g\",\"contentUrl\":\"https:\\\/\\\/secure.gravatar.com\\\/avatar\\\/d9c2dfa2af2908bee6b1eeb71f102ea0447a588eff53257640fc5b72a5f554f9?s=96&d=mm&r=g\",\"caption\":\"studiouckmar\"},\"url\":\"https:\\\/\\\/www.studiouckmar.com\\\/es\\\/author\\\/studiouckmar\\\/\"}]}<\/script>\n<!-- \/ Yoast SEO plugin. -->","yoast_head_json":{"title":"Abog. Francesca Fass\u00f2 - Studio Uckmar","robots":{"index":"index","follow":"follow","max-snippet":"max-snippet:-1","max-image-preview":"max-image-preview:large","max-video-preview":"max-video-preview:-1"},"canonical":"https:\/\/www.studiouckmar.com\/es\/abogada-francesca-fasso\/","og_locale":"es_ES","og_type":"article","og_title":"Abog. Francesca Fass\u00f2 - Studio Uckmar","og_description":"SEDE CENTRAL &#8211; Mil\u00e1n studiomi@uckmar.com \u00c1REAS DE ACTIVIDAD &#8211; Derecho fiscal, nacional e internacional, derecho civil ESPECIALIDADES &#8211; Litigios fiscales; &#8211; Asesoramiento fiscal y civil a particulares y empresas EXPERIENCIA PROFESIONAL Y FORMACI\u00d3N &#8211; 2020: Doctorado en \u00abEmpresa y Derecho &#8211; Instituciones y empresa: valor, normas y responsabilidad social\u00bb, en la Universidad de Brescia&#8211; 2019: [&hellip;]","og_url":"https:\/\/www.studiouckmar.com\/es\/abogada-francesca-fasso\/","og_site_name":"Studio Uckmar","article_published_time":"2022-07-19T15:15:52+00:00","article_modified_time":"2024-10-01T09:20:55+00:00","og_image":[{"width":220,"height":250,"url":"https:\/\/www.studiouckmar.com\/wp-content\/uploads\/2022\/07\/Avvfrancescafasso.jpg","type":"image\/jpeg"}],"author":"studiouckmar","twitter_card":"summary_large_image","twitter_misc":{"Escrito por":"studiouckmar","Tiempo de lectura":"1 minuto"},"schema":{"@context":"https:\/\/schema.org","@graph":[{"@type":"Article","@id":"https:\/\/www.studiouckmar.com\/es\/abogada-francesca-fasso\/#article","isPartOf":{"@id":"https:\/\/www.studiouckmar.com\/es\/abogada-francesca-fasso\/"},"author":{"name":"studiouckmar","@id":"https:\/\/www.studiouckmar.com\/#\/schema\/person\/2fd63aff047098a9fb8d90a5f062acdd"},"headline":"Abog. Francesca Fass\u00f2","datePublished":"2022-07-19T15:15:52+00:00","dateModified":"2024-10-01T09:20:55+00:00","mainEntityOfPage":{"@id":"https:\/\/www.studiouckmar.com\/es\/abogada-francesca-fasso\/"},"wordCount":168,"commentCount":0,"image":{"@id":"https:\/\/www.studiouckmar.com\/es\/abogada-francesca-fasso\/#primaryimage"},"thumbnailUrl":"https:\/\/www.studiouckmar.com\/wp-content\/uploads\/2022\/07\/Avvfrancescafasso.jpg","articleSection":["Profesionales"],"inLanguage":"es","potentialAction":[{"@type":"CommentAction","name":"Comment","target":["https:\/\/www.studiouckmar.com\/es\/abogada-francesca-fasso\/#respond"]}]},{"@type":"WebPage","@id":"https:\/\/www.studiouckmar.com\/es\/abogada-francesca-fasso\/","url":"https:\/\/www.studiouckmar.com\/es\/abogada-francesca-fasso\/","name":"Abog. Francesca Fass\u00f2 - Studio Uckmar","isPartOf":{"@id":"https:\/\/www.studiouckmar.com\/#website"},"primaryImageOfPage":{"@id":"https:\/\/www.studiouckmar.com\/es\/abogada-francesca-fasso\/#primaryimage"},"image":{"@id":"https:\/\/www.studiouckmar.com\/es\/abogada-francesca-fasso\/#primaryimage"},"thumbnailUrl":"https:\/\/www.studiouckmar.com\/wp-content\/uploads\/2022\/07\/Avvfrancescafasso.jpg","datePublished":"2022-07-19T15:15:52+00:00","dateModified":"2024-10-01T09:20:55+00:00","author":{"@id":"https:\/\/www.studiouckmar.com\/#\/schema\/person\/2fd63aff047098a9fb8d90a5f062acdd"},"breadcrumb":{"@id":"https:\/\/www.studiouckmar.com\/es\/abogada-francesca-fasso\/#breadcrumb"},"inLanguage":"es","potentialAction":[{"@type":"ReadAction","target":["https:\/\/www.studiouckmar.com\/es\/abogada-francesca-fasso\/"]}]},{"@type":"ImageObject","inLanguage":"es","@id":"https:\/\/www.studiouckmar.com\/es\/abogada-francesca-fasso\/#primaryimage","url":"https:\/\/www.studiouckmar.com\/wp-content\/uploads\/2022\/07\/Avvfrancescafasso.jpg","contentUrl":"https:\/\/www.studiouckmar.com\/wp-content\/uploads\/2022\/07\/Avvfrancescafasso.jpg","width":220,"height":250,"caption":"Avv francesca fasso"},{"@type":"BreadcrumbList","@id":"https:\/\/www.studiouckmar.com\/es\/abogada-francesca-fasso\/#breadcrumb","itemListElement":[{"@type":"ListItem","position":1,"name":"Home","item":"https:\/\/www.studiouckmar.com\/es\/pagina-de-inicio\/"},{"@type":"ListItem","position":2,"name":"Abog. Francesca Fass\u00f2"}]},{"@type":"WebSite","@id":"https:\/\/www.studiouckmar.com\/#website","url":"https:\/\/www.studiouckmar.com\/","name":"Studio Uckmar","description":"associazione avvocati professionale","potentialAction":[{"@type":"SearchAction","target":{"@type":"EntryPoint","urlTemplate":"https:\/\/www.studiouckmar.com\/?s={search_term_string}"},"query-input":{"@type":"PropertyValueSpecification","valueRequired":true,"valueName":"search_term_string"}}],"inLanguage":"es"},{"@type":"Person","@id":"https:\/\/www.studiouckmar.com\/#\/schema\/person\/2fd63aff047098a9fb8d90a5f062acdd","name":"studiouckmar","image":{"@type":"ImageObject","inLanguage":"es","@id":"https:\/\/secure.gravatar.com\/avatar\/d9c2dfa2af2908bee6b1eeb71f102ea0447a588eff53257640fc5b72a5f554f9?s=96&d=mm&r=g","url":"https:\/\/secure.gravatar.com\/avatar\/d9c2dfa2af2908bee6b1eeb71f102ea0447a588eff53257640fc5b72a5f554f9?s=96&d=mm&r=g","contentUrl":"https:\/\/secure.gravatar.com\/avatar\/d9c2dfa2af2908bee6b1eeb71f102ea0447a588eff53257640fc5b72a5f554f9?s=96&d=mm&r=g","caption":"studiouckmar"},"url":"https:\/\/www.studiouckmar.com\/es\/author\/studiouckmar\/"}]}},"_links":{"self":[{"href":"https:\/\/www.studiouckmar.com\/es\/wp-json\/wp\/v2\/posts\/1842","targetHints":{"allow":["GET"]}}],"collection":[{"href":"https:\/\/www.studiouckmar.com\/es\/wp-json\/wp\/v2\/posts"}],"about":[{"href":"https:\/\/www.studiouckmar.com\/es\/wp-json\/wp\/v2\/types\/post"}],"author":[{"embeddable":true,"href":"https:\/\/www.studiouckmar.com\/es\/wp-json\/wp\/v2\/users\/4"}],"replies":[{"embeddable":true,"href":"https:\/\/www.studiouckmar.com\/es\/wp-json\/wp\/v2\/comments?post=1842"}],"version-history":[{"count":7,"href":"https:\/\/www.studiouckmar.com\/es\/wp-json\/wp\/v2\/posts\/1842\/revisions"}],"predecessor-version":[{"id":2443,"href":"https:\/\/www.studiouckmar.com\/es\/wp-json\/wp\/v2\/posts\/1842\/revisions\/2443"}],"wp:featuredmedia":[{"embeddable":true,"href":"https:\/\/www.studiouckmar.com\/es\/wp-json\/wp\/v2\/media\/738"}],"wp:attachment":[{"href":"https:\/\/www.studiouckmar.com\/es\/wp-json\/wp\/v2\/media?parent=1842"}],"wp:term":[{"taxonomy":"category","embeddable":true,"href":"https:\/\/www.studiouckmar.com\/es\/wp-json\/wp\/v2\/categories?post=1842"},{"taxonomy":"post_tag","embeddable":true,"href":"https:\/\/www.studiouckmar.com\/es\/wp-json\/wp\/v2\/tags?post=1842"}],"curies":[{"name":"wp","href":"https:\/\/api.w.org\/{rel}","templated":true}]}}