{"id":1860,"date":"2022-07-19T17:05:36","date_gmt":"2022-07-19T15:05:36","guid":{"rendered":"https:\/\/www.studiouckmar.com\/abogado-paolo-stizza\/"},"modified":"2024-10-01T10:46:02","modified_gmt":"2024-10-01T08:46:02","slug":"abogado-paolo-stizza","status":"publish","type":"post","link":"https:\/\/www.studiouckmar.com\/es\/abogado-paolo-stizza\/","title":{"rendered":"Abog. Paolo Stizza"},"content":{"rendered":"\n<p><\/p>\n\n<div style=\"height:30px\" aria-hidden=\"true\" class=\"wp-block-spacer\"><\/div>\n\n<h5 class=\"wp-block-heading\">SEDE CENTRAL<\/h5>\n\n<p><strong>Milan<\/strong><br\/><a>studiomi@uckmar.com<\/a><\/p>\n\n<div style=\"height:30px\" aria-hidden=\"true\" class=\"wp-block-spacer\"><\/div>\n\n<h5 class=\"wp-block-heading\">\u00c1REA DE ACTIVIDAD<\/h5>\n\n<p>&#8211; Derecho fiscal, derecho mercantil<\/p>\n\n<div style=\"height:30px\" aria-hidden=\"true\" class=\"wp-block-spacer\"><\/div>\n\n<h5 class=\"wp-block-heading\">ESPECIALIDADES<\/h5>\n\n<p>&#8211; Fiscalidad internacional<\/p>\n\n<div style=\"height:30px\" aria-hidden=\"true\" class=\"wp-block-spacer\"><\/div>\n\n<h5 class=\"wp-block-heading\">EXPERIENCIA PROFESIONAL Y FORMACI\u00d3N<\/h5>\n\n<p>&#8211; Desde 2010: Miembro activo del consejo editorial de Tax Law and Practice<br\/>&#8211; Desde 2010: Miembro activo del consejo editorial de International Tax Law and Practice<br\/>&#8211; Desde 2010: Responsable de Derecho Tributario Comparado, Derecho Tributario Internacional y Pr\u00e1ctica.<br\/>&#8211; Desde 2010: Investigador en el centro de investigaci\u00f3n Account Tax Lab de la Universidad de Brescia.<br\/>&#8211; 2010: Admisi\u00f3n a la profesi\u00f3n de abogado<br\/>&#8211; 2010: Doctorado en derecho p\u00fablico y derecho fiscal en la dimensi\u00f3n europea, Universidad de B\u00e9rgamo.<br\/>&#8211; 2009: Tutor en derecho fiscal y derecho fiscal de la UE, Universidad de B\u00e9rgamo.<br\/>&#8211; 2009: Curso avanzado: \u00abI controlli fiscali e le garanzie del contribuente nell&#8217;era dell&#8217;internazionalizzazione dell&#8217;impresa\u00bb (Controles fiscales y garant\u00edas del contribuyente en la era de la internacionalizaci\u00f3n de la empresa), asistencia como tutor, Universidad de B\u00e9rgamo.<br\/>&#8211; 2008: Sept.-Dic. Becario en Derecho Fiscal Europeo, Instituto de Derecho Fiscal Austriaco e Internacional, Wirtschaftsuniversitat, Wien.<br\/>&#8211; 2007: Tutor en Derecho Fiscal, Universidad de Macerata.<br\/>&#8211; 2006: Conferenciante certificado por la Asociaci\u00f3n Europea de Planificaci\u00f3n Financiera (EFPA).<br\/>&#8211; 2006: Habilitaci\u00f3n como censor jurado de cuentas y auditor.<br\/>&#8211; Desde 2006: doctorando en Derecho fiscal europeo, Universidad de B\u00e9rgamo.<br\/>&#8211; 2005: Licenciada en Derecho por la Universidad de Macerata.<br\/>&#8211; Desde 2005: Studio Uckmar.<br\/>&#8211; Desde 2004:Tutor en Derecho Fiscal, Universidad de Brescia.<br\/>&#8211; Desde 2004:Miembro del Comit\u00e9 T\u00e9cnico Fiscal de la Universidad L.Bocconi de Mil\u00e1n.<br\/>&#8211; 2003: COPERFI- Curso avanzado de fiscalidad internacional, Universidad Bocconi.<br\/>&#8211; De 2003 a 2004: Investigador contratado, CERTI, Universidad Bocconi.<br\/>&#8211; 2003: Premio nacional de tesis en derecho fiscal \u00abDr. C. Manzoni\u00bb, ANTI (Asociaci\u00f3n Nacional de Juristas Fiscales Italianos).<br\/>&#8211; 2003: Licenciada en Econom\u00eda y Derecho de la Empresa por la Universidad Bocconi de Mil\u00e1n.<\/p>\n\n<div style=\"height:50px\" aria-hidden=\"true\" class=\"wp-block-spacer\"><\/div>\n\n<h5 class=\"wp-block-heading\">IDIOMAS<\/h5>\n\n<p>Italiano, franc\u00e9s, ingl\u00e9s (toefl: 257)<\/p>\n\n<div style=\"height:50px\" aria-hidden=\"true\" class=\"wp-block-spacer\"><\/div>\n\n<hr class=\"wp-block-separator has-alpha-channel-opacity\"\/>\n\n<h2 class=\"wp-block-heading\"><strong>Publicaciones<\/strong><\/h2>\n\n<h5 class=\"wp-block-heading\">PUBLICACIONES  <\/h5>\n\n<p>&#8211; La relevancia de las p\u00e9rdidas en el derecho fiscal. Contribuci\u00f3n al estudio, Padua, 2011.<br\/>&#8211; La aplicaci\u00f3n de los convenios y la interpretaci\u00f3n de \u00absujeto pasivo\u00bb en la jurisprudencia italiana, francesa y alemana, en Dir. Prat. Trib. Int., 2010, 917.<br\/>&#8211; La competencia en los litigios entre suplente y sustituto en la jurisprudencia del Tribunal de Casaci\u00f3n, en Dir. Prat. Trib., 2010, 683.<br\/>&#8211; La sentencia Aberdeen y la discriminaci\u00f3n en la tributaci\u00f3n de los dividendos salientes a favor de los fondos de inversi\u00f3n inmobiliaria extranjeros: el impacto en la legislaci\u00f3n fiscal italiana, en SFEF, n\u00ba. 1, 2010, 115.<br\/>&#8211; El caso Busley y la falta de compensaci\u00f3n horizontal de una p\u00e9rdida de fuente extranjera: la incompatibilidad de la denominada desventaja del flujo de caja con la legislaci\u00f3n de la UE, en Dir. Prat. Trib. Int., 2010, 493.<\/p>\n\n<p>&#8211; La disciplina fiscale delle Controlled Foreign Corporations in Italia, Francia e Regno Unito, en Dir. prat. trib. int., 2010, 1389.<br\/>&#8211; La sostituzione tributaria nella giurisprudenza della Corte di Cassazione, en Repertorio Imposte Dirette e Accertamento, base de datos telem\u00e1tica publicada por Italia Oggi, 2009<br\/>&#8211; Il rapporto tra processo tributario e processo penale nella giurisprudenza della Corte di Cassazione, en Repertorio Imposte Dirette e Accertamento, base de datos telem\u00e1tica publicada por Italia Oggi, 2009.<br\/>&#8211; La natura dell&#8217;imposta straordinaria e sue modalit\u00e0 applicative, en AA.VV., Lo scudo fiscale, Mil\u00e1n, 2009, 56.<br\/>&#8211; La elusi\u00f3n fiscal internacional y el abuso de derecho en la Uni\u00f3n Europea, en Introducci\u00f3n al derecho fiscal comparado, C. Sacchetto, M. Barassi, Catanzaro, 2008, 87.<br\/>-La compatibilidad de la legislaci\u00f3n sobre sociedades extranjeras controladas con la legislaci\u00f3n de la UE, en Dir. prat. trib. int., 2008, 1171.<br\/>&#8211; La disciplina fiscale delle stock options in Italia, en Dir. prat. trib. int., 2008, 383.<br\/>&#8211; El caso Kercherhaert y la  &lt;&lt;cuasi-restricci\u00f3n&gt;&gt;  derivados de la doble imposici\u00f3n jur\u00eddica: \u00bfla nouvelle vague del Tribunal de Justicia?, en Dir. prat.trib. int., 2007, 1241.<br\/>&#8211; Gli ottanta anni di Diritto e Pratica Tributaria, Editorial en Dir.Prat.Trib.Int., II, 2007, 395.Forma dell&#8217;appello e le cause di inammissibilit\u00e0. Constituci\u00f3n del apelante, en Codice del processo tributari o, (editado por) V. Uckmar, F. Tundo, Piacenza, 2007, 776.<br\/>&#8211; La fiscalidad de los REIT en el Reino Unido, en Dir. prat. trib. int., II, 2007, 574.<br\/>&#8211; Ancora sulla imponibilit\u00e0 del danno non patrimoniale da demansionamento professionale, en Dir. prat. trib., I, 2007, 3.<br\/>&#8211; Las nuevas normas fiscales sobre las opciones de compra de acciones tras las enmiendas del Gobierno Prodi, en Dir. prat. trib., V, 2006, 925.<br\/>&#8211; Il quadronormativo relativo ai redditi di lavoro di dipendenti \u00abtransnazionale\u00bb,(ed.) V. Uckmar, C. Sacchetto, L. Perrone, E. Della Valle, Padua, 2006, 449.<br\/>&#8211; I redditi di lavoro dipendente nella giurisprudenza della Corte di Cassazione (2000-2005), en Dir. prat. trib., VI, 2005, 1425.<br\/>&#8211; Controlledforeign corporations in the US, en Dir.e Prat. Trib. Int., II, 2004, 684.<br\/>&#8211; Las opciones sobre acciones en el Modelo de Convenio de la OCDE contra la doble imposici\u00f3n sobre la renta y el patrimonio, en Dir.e Prat. Trib. Int., II, 2004, 621.<br\/>&#8211; Il trattamento fiscale delle spese di ricerca e sviluppo, editado por G.Marino, Centro di Ricerca Tributaria dell&#8217;Impresa (CERTI), Universidad Bocconi,julio de 2003.<br\/>&#8211; La exenci\u00f3n de participaci\u00f3n en Uk, en Dir. e Prat. Trib. Int., III, 2003, 824.<br\/>&#8211; La fiscalidad de los grupos de sociedades (Reino Unido), en Dir. prat. trib. int., II, 2003, 537.<\/p>\n","protected":false},"excerpt":{"rendered":"<p>SEDE CENTRAL Milanstudiomi@uckmar.com \u00c1REA DE ACTIVIDAD &#8211; Derecho fiscal, derecho mercantil ESPECIALIDADES &#8211; Fiscalidad internacional EXPERIENCIA PROFESIONAL Y FORMACI\u00d3N &#8211; Desde 2010: Miembro activo del consejo editorial de Tax Law and Practice&#8211; Desde 2010: Miembro activo del consejo editorial de International Tax Law and Practice&#8211; Desde 2010: Responsable de Derecho Tributario Comparado, Derecho Tributario Internacional [&hellip;]<\/p>\n","protected":false},"author":2,"featured_media":748,"comment_status":"open","ping_status":"open","sticky":false,"template":"","format":"standard","meta":{"_et_pb_use_builder":"off","_et_pb_old_content":"","_et_gb_content_width":"","footnotes":""},"categories":[24],"tags":[],"class_list":["post-1860","post","type-post","status-publish","format-standard","has-post-thumbnail","hentry","category-profesionales"],"yoast_head":"<!-- This site is optimized with the Yoast SEO plugin v27.5 - https:\/\/yoast.com\/product\/yoast-seo-wordpress\/ -->\n<title>Abog. Paolo Stizza - Studio Uckmar<\/title>\n<meta name=\"robots\" content=\"index, follow, max-snippet:-1, max-image-preview:large, max-video-preview:-1\" \/>\n<link rel=\"canonical\" href=\"https:\/\/www.studiouckmar.com\/es\/abogado-paolo-stizza\/\" \/>\n<meta property=\"og:locale\" content=\"es_ES\" \/>\n<meta property=\"og:type\" content=\"article\" \/>\n<meta property=\"og:title\" content=\"Abog. Paolo Stizza - Studio Uckmar\" \/>\n<meta property=\"og:description\" content=\"SEDE CENTRAL Milanstudiomi@uckmar.com \u00c1REA DE ACTIVIDAD &#8211; Derecho fiscal, derecho mercantil ESPECIALIDADES &#8211; Fiscalidad internacional EXPERIENCIA PROFESIONAL Y FORMACI\u00d3N &#8211; Desde 2010: Miembro activo del consejo editorial de Tax Law and Practice&#8211; Desde 2010: Miembro activo del consejo editorial de International Tax Law and Practice&#8211; Desde 2010: Responsable de Derecho Tributario Comparado, Derecho Tributario Internacional [&hellip;]\" \/>\n<meta property=\"og:url\" content=\"https:\/\/www.studiouckmar.com\/es\/abogado-paolo-stizza\/\" \/>\n<meta property=\"og:site_name\" content=\"Studio Uckmar\" \/>\n<meta property=\"article:published_time\" content=\"2022-07-19T15:05:36+00:00\" \/>\n<meta property=\"article:modified_time\" content=\"2024-10-01T08:46:02+00:00\" \/>\n<meta property=\"og:image\" content=\"https:\/\/www.studiouckmar.com\/wp-content\/uploads\/2022\/07\/paolostizza.jpg\" \/>\n\t<meta property=\"og:image:width\" content=\"220\" \/>\n\t<meta property=\"og:image:height\" content=\"250\" \/>\n\t<meta property=\"og:image:type\" content=\"image\/jpeg\" \/>\n<meta name=\"author\" content=\"giuliana\" \/>\n<meta name=\"twitter:card\" content=\"summary_large_image\" \/>\n<meta name=\"twitter:label1\" content=\"Escrito por\" \/>\n\t<meta name=\"twitter:data1\" content=\"giuliana\" \/>\n\t<meta name=\"twitter:label2\" content=\"Tiempo de lectura\" \/>\n\t<meta name=\"twitter:data2\" content=\"4 minutos\" \/>\n<script type=\"application\/ld+json\" class=\"yoast-schema-graph\">{\"@context\":\"https:\\\/\\\/schema.org\",\"@graph\":[{\"@type\":\"Article\",\"@id\":\"https:\\\/\\\/www.studiouckmar.com\\\/es\\\/abogado-paolo-stizza\\\/#article\",\"isPartOf\":{\"@id\":\"https:\\\/\\\/www.studiouckmar.com\\\/es\\\/abogado-paolo-stizza\\\/\"},\"author\":{\"name\":\"giuliana\",\"@id\":\"https:\\\/\\\/www.studiouckmar.com\\\/#\\\/schema\\\/person\\\/969d8f4f8c54eb716f2f5d40e37a74d5\"},\"headline\":\"Abog. Paolo Stizza\",\"datePublished\":\"2022-07-19T15:05:36+00:00\",\"dateModified\":\"2024-10-01T08:46:02+00:00\",\"mainEntityOfPage\":{\"@id\":\"https:\\\/\\\/www.studiouckmar.com\\\/es\\\/abogado-paolo-stizza\\\/\"},\"wordCount\":880,\"commentCount\":0,\"image\":{\"@id\":\"https:\\\/\\\/www.studiouckmar.com\\\/es\\\/abogado-paolo-stizza\\\/#primaryimage\"},\"thumbnailUrl\":\"https:\\\/\\\/www.studiouckmar.com\\\/wp-content\\\/uploads\\\/2022\\\/07\\\/paolostizza.jpg\",\"articleSection\":[\"Profesionales\"],\"inLanguage\":\"es\",\"potentialAction\":[{\"@type\":\"CommentAction\",\"name\":\"Comment\",\"target\":[\"https:\\\/\\\/www.studiouckmar.com\\\/es\\\/abogado-paolo-stizza\\\/#respond\"]}]},{\"@type\":\"WebPage\",\"@id\":\"https:\\\/\\\/www.studiouckmar.com\\\/es\\\/abogado-paolo-stizza\\\/\",\"url\":\"https:\\\/\\\/www.studiouckmar.com\\\/es\\\/abogado-paolo-stizza\\\/\",\"name\":\"Abog. Paolo Stizza - Studio Uckmar\",\"isPartOf\":{\"@id\":\"https:\\\/\\\/www.studiouckmar.com\\\/#website\"},\"primaryImageOfPage\":{\"@id\":\"https:\\\/\\\/www.studiouckmar.com\\\/es\\\/abogado-paolo-stizza\\\/#primaryimage\"},\"image\":{\"@id\":\"https:\\\/\\\/www.studiouckmar.com\\\/es\\\/abogado-paolo-stizza\\\/#primaryimage\"},\"thumbnailUrl\":\"https:\\\/\\\/www.studiouckmar.com\\\/wp-content\\\/uploads\\\/2022\\\/07\\\/paolostizza.jpg\",\"datePublished\":\"2022-07-19T15:05:36+00:00\",\"dateModified\":\"2024-10-01T08:46:02+00:00\",\"author\":{\"@id\":\"https:\\\/\\\/www.studiouckmar.com\\\/#\\\/schema\\\/person\\\/969d8f4f8c54eb716f2f5d40e37a74d5\"},\"breadcrumb\":{\"@id\":\"https:\\\/\\\/www.studiouckmar.com\\\/es\\\/abogado-paolo-stizza\\\/#breadcrumb\"},\"inLanguage\":\"es\",\"potentialAction\":[{\"@type\":\"ReadAction\",\"target\":[\"https:\\\/\\\/www.studiouckmar.com\\\/es\\\/abogado-paolo-stizza\\\/\"]}]},{\"@type\":\"ImageObject\",\"inLanguage\":\"es\",\"@id\":\"https:\\\/\\\/www.studiouckmar.com\\\/es\\\/abogado-paolo-stizza\\\/#primaryimage\",\"url\":\"https:\\\/\\\/www.studiouckmar.com\\\/wp-content\\\/uploads\\\/2022\\\/07\\\/paolostizza.jpg\",\"contentUrl\":\"https:\\\/\\\/www.studiouckmar.com\\\/wp-content\\\/uploads\\\/2022\\\/07\\\/paolostizza.jpg\",\"width\":220,\"height\":250,\"caption\":\"avvocato paolo stizza studio Uckmar Milano\"},{\"@type\":\"BreadcrumbList\",\"@id\":\"https:\\\/\\\/www.studiouckmar.com\\\/es\\\/abogado-paolo-stizza\\\/#breadcrumb\",\"itemListElement\":[{\"@type\":\"ListItem\",\"position\":1,\"name\":\"Home\",\"item\":\"https:\\\/\\\/www.studiouckmar.com\\\/es\\\/pagina-de-inicio\\\/\"},{\"@type\":\"ListItem\",\"position\":2,\"name\":\"Abog. Paolo Stizza\"}]},{\"@type\":\"WebSite\",\"@id\":\"https:\\\/\\\/www.studiouckmar.com\\\/#website\",\"url\":\"https:\\\/\\\/www.studiouckmar.com\\\/\",\"name\":\"Studio Uckmar\",\"description\":\"associazione avvocati professionale\",\"potentialAction\":[{\"@type\":\"SearchAction\",\"target\":{\"@type\":\"EntryPoint\",\"urlTemplate\":\"https:\\\/\\\/www.studiouckmar.com\\\/?s={search_term_string}\"},\"query-input\":{\"@type\":\"PropertyValueSpecification\",\"valueRequired\":true,\"valueName\":\"search_term_string\"}}],\"inLanguage\":\"es\"},{\"@type\":\"Person\",\"@id\":\"https:\\\/\\\/www.studiouckmar.com\\\/#\\\/schema\\\/person\\\/969d8f4f8c54eb716f2f5d40e37a74d5\",\"name\":\"giuliana\",\"image\":{\"@type\":\"ImageObject\",\"inLanguage\":\"es\",\"@id\":\"https:\\\/\\\/secure.gravatar.com\\\/avatar\\\/dad2c63e04a058eb800af186bda769919d993e72c4931473299f441f5f25e32b?s=96&d=mm&r=g\",\"url\":\"https:\\\/\\\/secure.gravatar.com\\\/avatar\\\/dad2c63e04a058eb800af186bda769919d993e72c4931473299f441f5f25e32b?s=96&d=mm&r=g\",\"contentUrl\":\"https:\\\/\\\/secure.gravatar.com\\\/avatar\\\/dad2c63e04a058eb800af186bda769919d993e72c4931473299f441f5f25e32b?s=96&d=mm&r=g\",\"caption\":\"giuliana\"},\"url\":\"https:\\\/\\\/www.studiouckmar.com\\\/es\\\/author\\\/giuliana\\\/\"}]}<\/script>\n<!-- \/ Yoast SEO plugin. -->","yoast_head_json":{"title":"Abog. Paolo Stizza - Studio Uckmar","robots":{"index":"index","follow":"follow","max-snippet":"max-snippet:-1","max-image-preview":"max-image-preview:large","max-video-preview":"max-video-preview:-1"},"canonical":"https:\/\/www.studiouckmar.com\/es\/abogado-paolo-stizza\/","og_locale":"es_ES","og_type":"article","og_title":"Abog. Paolo Stizza - Studio Uckmar","og_description":"SEDE CENTRAL Milanstudiomi@uckmar.com \u00c1REA DE ACTIVIDAD &#8211; Derecho fiscal, derecho mercantil ESPECIALIDADES &#8211; Fiscalidad internacional EXPERIENCIA PROFESIONAL Y FORMACI\u00d3N &#8211; Desde 2010: Miembro activo del consejo editorial de Tax Law and Practice&#8211; Desde 2010: Miembro activo del consejo editorial de International Tax Law and Practice&#8211; Desde 2010: Responsable de Derecho Tributario Comparado, Derecho Tributario Internacional [&hellip;]","og_url":"https:\/\/www.studiouckmar.com\/es\/abogado-paolo-stizza\/","og_site_name":"Studio Uckmar","article_published_time":"2022-07-19T15:05:36+00:00","article_modified_time":"2024-10-01T08:46:02+00:00","og_image":[{"width":220,"height":250,"url":"https:\/\/www.studiouckmar.com\/wp-content\/uploads\/2022\/07\/paolostizza.jpg","type":"image\/jpeg"}],"author":"giuliana","twitter_card":"summary_large_image","twitter_misc":{"Escrito por":"giuliana","Tiempo de lectura":"4 minutos"},"schema":{"@context":"https:\/\/schema.org","@graph":[{"@type":"Article","@id":"https:\/\/www.studiouckmar.com\/es\/abogado-paolo-stizza\/#article","isPartOf":{"@id":"https:\/\/www.studiouckmar.com\/es\/abogado-paolo-stizza\/"},"author":{"name":"giuliana","@id":"https:\/\/www.studiouckmar.com\/#\/schema\/person\/969d8f4f8c54eb716f2f5d40e37a74d5"},"headline":"Abog. Paolo Stizza","datePublished":"2022-07-19T15:05:36+00:00","dateModified":"2024-10-01T08:46:02+00:00","mainEntityOfPage":{"@id":"https:\/\/www.studiouckmar.com\/es\/abogado-paolo-stizza\/"},"wordCount":880,"commentCount":0,"image":{"@id":"https:\/\/www.studiouckmar.com\/es\/abogado-paolo-stizza\/#primaryimage"},"thumbnailUrl":"https:\/\/www.studiouckmar.com\/wp-content\/uploads\/2022\/07\/paolostizza.jpg","articleSection":["Profesionales"],"inLanguage":"es","potentialAction":[{"@type":"CommentAction","name":"Comment","target":["https:\/\/www.studiouckmar.com\/es\/abogado-paolo-stizza\/#respond"]}]},{"@type":"WebPage","@id":"https:\/\/www.studiouckmar.com\/es\/abogado-paolo-stizza\/","url":"https:\/\/www.studiouckmar.com\/es\/abogado-paolo-stizza\/","name":"Abog. Paolo Stizza - Studio Uckmar","isPartOf":{"@id":"https:\/\/www.studiouckmar.com\/#website"},"primaryImageOfPage":{"@id":"https:\/\/www.studiouckmar.com\/es\/abogado-paolo-stizza\/#primaryimage"},"image":{"@id":"https:\/\/www.studiouckmar.com\/es\/abogado-paolo-stizza\/#primaryimage"},"thumbnailUrl":"https:\/\/www.studiouckmar.com\/wp-content\/uploads\/2022\/07\/paolostizza.jpg","datePublished":"2022-07-19T15:05:36+00:00","dateModified":"2024-10-01T08:46:02+00:00","author":{"@id":"https:\/\/www.studiouckmar.com\/#\/schema\/person\/969d8f4f8c54eb716f2f5d40e37a74d5"},"breadcrumb":{"@id":"https:\/\/www.studiouckmar.com\/es\/abogado-paolo-stizza\/#breadcrumb"},"inLanguage":"es","potentialAction":[{"@type":"ReadAction","target":["https:\/\/www.studiouckmar.com\/es\/abogado-paolo-stizza\/"]}]},{"@type":"ImageObject","inLanguage":"es","@id":"https:\/\/www.studiouckmar.com\/es\/abogado-paolo-stizza\/#primaryimage","url":"https:\/\/www.studiouckmar.com\/wp-content\/uploads\/2022\/07\/paolostizza.jpg","contentUrl":"https:\/\/www.studiouckmar.com\/wp-content\/uploads\/2022\/07\/paolostizza.jpg","width":220,"height":250,"caption":"avvocato paolo stizza studio Uckmar Milano"},{"@type":"BreadcrumbList","@id":"https:\/\/www.studiouckmar.com\/es\/abogado-paolo-stizza\/#breadcrumb","itemListElement":[{"@type":"ListItem","position":1,"name":"Home","item":"https:\/\/www.studiouckmar.com\/es\/pagina-de-inicio\/"},{"@type":"ListItem","position":2,"name":"Abog. Paolo Stizza"}]},{"@type":"WebSite","@id":"https:\/\/www.studiouckmar.com\/#website","url":"https:\/\/www.studiouckmar.com\/","name":"Studio Uckmar","description":"associazione avvocati professionale","potentialAction":[{"@type":"SearchAction","target":{"@type":"EntryPoint","urlTemplate":"https:\/\/www.studiouckmar.com\/?s={search_term_string}"},"query-input":{"@type":"PropertyValueSpecification","valueRequired":true,"valueName":"search_term_string"}}],"inLanguage":"es"},{"@type":"Person","@id":"https:\/\/www.studiouckmar.com\/#\/schema\/person\/969d8f4f8c54eb716f2f5d40e37a74d5","name":"giuliana","image":{"@type":"ImageObject","inLanguage":"es","@id":"https:\/\/secure.gravatar.com\/avatar\/dad2c63e04a058eb800af186bda769919d993e72c4931473299f441f5f25e32b?s=96&d=mm&r=g","url":"https:\/\/secure.gravatar.com\/avatar\/dad2c63e04a058eb800af186bda769919d993e72c4931473299f441f5f25e32b?s=96&d=mm&r=g","contentUrl":"https:\/\/secure.gravatar.com\/avatar\/dad2c63e04a058eb800af186bda769919d993e72c4931473299f441f5f25e32b?s=96&d=mm&r=g","caption":"giuliana"},"url":"https:\/\/www.studiouckmar.com\/es\/author\/giuliana\/"}]}},"_links":{"self":[{"href":"https:\/\/www.studiouckmar.com\/es\/wp-json\/wp\/v2\/posts\/1860","targetHints":{"allow":["GET"]}}],"collection":[{"href":"https:\/\/www.studiouckmar.com\/es\/wp-json\/wp\/v2\/posts"}],"about":[{"href":"https:\/\/www.studiouckmar.com\/es\/wp-json\/wp\/v2\/types\/post"}],"author":[{"embeddable":true,"href":"https:\/\/www.studiouckmar.com\/es\/wp-json\/wp\/v2\/users\/2"}],"replies":[{"embeddable":true,"href":"https:\/\/www.studiouckmar.com\/es\/wp-json\/wp\/v2\/comments?post=1860"}],"version-history":[{"count":3,"href":"https:\/\/www.studiouckmar.com\/es\/wp-json\/wp\/v2\/posts\/1860\/revisions"}],"predecessor-version":[{"id":2374,"href":"https:\/\/www.studiouckmar.com\/es\/wp-json\/wp\/v2\/posts\/1860\/revisions\/2374"}],"wp:featuredmedia":[{"embeddable":true,"href":"https:\/\/www.studiouckmar.com\/es\/wp-json\/wp\/v2\/media\/748"}],"wp:attachment":[{"href":"https:\/\/www.studiouckmar.com\/es\/wp-json\/wp\/v2\/media?parent=1860"}],"wp:term":[{"taxonomy":"category","embeddable":true,"href":"https:\/\/www.studiouckmar.com\/es\/wp-json\/wp\/v2\/categories?post=1860"},{"taxonomy":"post_tag","embeddable":true,"href":"https:\/\/www.studiouckmar.com\/es\/wp-json\/wp\/v2\/tags?post=1860"}],"curies":[{"name":"wp","href":"https:\/\/api.w.org\/{rel}","templated":true}]}}