{"id":2504,"date":"2024-11-19T16:36:02","date_gmt":"2024-11-19T15:36:02","guid":{"rendered":"https:\/\/www.studiouckmar.com\/?p=2504"},"modified":"2024-11-19T16:58:16","modified_gmt":"2024-11-19T15:58:16","slug":"prof-abog-caterina-corrado-oliva","status":"publish","type":"post","link":"https:\/\/www.studiouckmar.com\/es\/prof-abog-caterina-corrado-oliva\/","title":{"rendered":"Prof. Abog. Caterina Corrado Oliva"},"content":{"rendered":"\n<p><\/p>\n\n<h3 class=\"wp-block-heading\"><\/h3>\n\n<hr class=\"wp-block-separator has-alpha-channel-opacity\"\/>\n\n<div style=\"height:30px\" aria-hidden=\"true\" class=\"wp-block-spacer\"><\/div>\n\n<h5 class=\"wp-block-heading\">SEDE CENTRAL<\/h5>\n\n<p>G\u00e9nova &#8211; Mil\u00e1n &#8211; Roma<\/p>\n\n<p><a href=\"mailto:c.oliva@uckmar.com\">c.oliva@uckmar.com<\/a><\/p>\n\n<p><br\/>Socio de la Asociaci\u00f3n Profesional Studio Uckmar (desde diciembre de 2006) Profesor de Derecho Fiscal en la Universitas Mercatorum<\/p>\n\n<div style=\"height:30px\" aria-hidden=\"true\" class=\"wp-block-spacer\"><\/div>\n\n<h5 class=\"wp-block-heading\">\u00c1REAS DE ACTIVIDAD<\/h5>\n\n<p><br\/><br\/><br\/>&#8211; Derecho fiscal, nacional e internacional &#8211; Contencioso fiscal &#8211; Aduanas e impuestos especiales &#8211; Derecho de sociedades, sustantivo y procesal<\/p>\n\n<div style=\"height:30px\" aria-hidden=\"true\" class=\"wp-block-spacer\"><\/div>\n\n<h5 class=\"wp-block-heading\"><br\/>TITULACI\u00d3N ACAD\u00c9MICA Y CUALIFICACI\u00d3N PROFESIONAL<\/h5>\n\n<p><br\/><br\/><br\/>&#8211; Desde 2015 &#8211; Avvocato Cassazionista &#8211; Doctorado en Derecho P\u00fablico del proceso econ\u00f3mico, financiero y fiscal en la Universidad de Pisa &#8211; Obtenci\u00f3n del t\u00edtulo profesional en el Tribunal de Apelaci\u00f3n de G\u00e9nova &#8211; Licenciatura en Derecho en la Universidad de G\u00e9nova, obtenida el 13 de abril de 1999, con una nota de 110\/110 cum laude, con matr\u00edcula de honor. Ponente: Prof. Corrado Magnani. T\u00edtulo de la tesis: \u00abLa carga de la prueba en los procedimientos fiscales\u00bb.<\/p>\n\n<div style=\"height:30px\" aria-hidden=\"true\" class=\"wp-block-spacer\"><\/div>\n\n<h5 class=\"wp-block-heading\"><br\/>EXPERIENCIAS EDUCATIVAS Y PROFESIONALES<\/h5>\n\n<p>&#8211; Profesor titular de derecho fiscal en la Universitas Mercatorum.<br\/>&#8211; Imparte conferencias y clases con regularidad en varias universidades italianas y cursos de m\u00e1ster en fiscalidad organizados por ellas (Universidad de G\u00e9nova, Bolonia, Siena, Lumsa, Enna, Universit\u00e0 Cattolica, Universidad de Tur\u00edn, Scuola Superiore Sant&#8217;Anna de Pisa, Universidad Bocconi, Scuola Superiore dell&#8217;Economia e delle Finanze, Universidad Federico II de N\u00e1poles).<br\/>&#8211; Es ponente habitual en numerosas conferencias y seminarios sobre derecho fiscal, en universidades e institutos de investigaci\u00f3n, tanto en contextos acad\u00e9micos como profesionales.  <br\/>&#8211; Miembro del Consejo de la Fundaci\u00f3n Uckmar (desde 2017).  <br\/>&#8211; Miembro del consejo de ACB Group Academics &amp; Consultants for Business.<\/p>\n\n<div style=\"height:30px\" aria-hidden=\"true\" class=\"wp-block-spacer\"><\/div>\n\n<h5 class=\"wp-block-heading\"><br\/>DIRECCI\u00d3N DE REVISTAS Y CONSEJOS DE REDACCI\u00d3N<\/h5>\n\n<p><br\/><br\/>&#8211; Miembro del Consejo Editorial de <em>Diritto e Pratica<\/em> <em>Tributaria<\/em>. &#8211; Director Editorial de<em>Diritto e Pratica Tributaria<\/em> (desde 2018). &#8211; Miembro del Consejo Editorial de las revistas<em>Diritto e Pratica Tributaria, Diritto e Pratica Tributaria Internazionale <\/em>y <em>Strumenti Finanziari e Fiscalit\u00e0.<\/em><\/p>\n\n<div style=\"height:50px\" aria-hidden=\"true\" class=\"wp-block-spacer\"><\/div>\n\n<h5 class=\"wp-block-heading\">IDIOMAS<\/h5>\n\n<p><br\/>Italiano, ingl\u00e9s, franc\u00e9s, espa\u00f1ol<\/p>\n\n<div style=\"height:50px\" aria-hidden=\"true\" class=\"wp-block-spacer\"><\/div>\n\n<hr class=\"wp-block-separator has-alpha-channel-opacity\"\/>\n\n<h2 class=\"wp-block-heading\"><strong>Publicaciones<\/strong><\/h2>\n\n<p><\/p>\n\n<h5 class=\"wp-block-heading\">MONOGRAF\u00cdA<\/h5>\n\n<p>&#8211; <em>La carga de la prueba en los procedimientos tributarios, Segunda edici\u00f3n, <\/em>Serie<em>  \u00abIl Diritto tributario commentato\u00bb (fundado en 1929), Padua, Cedam, 2012, pp.\n1 &#8211; 366 <\/em>.<\/p>\n\n<p>&#8211; <em>La asunci\u00f3n de los impuestos especiales y aduaneros entre la legislaci\u00f3n de la UE y los principios constitucionales, <\/em>Serie<em>  Il Diritto tributario commentato&#8217; (fundado en 1929), Cedam, 2018, pp.\n1 &#8211; 174 <\/em>.<\/p>\n\n<h5 class=\"wp-block-heading\"><br\/>MANUAL UNIVERSITARIO<\/h5>\n\n<p><br\/><em>&#8211; Derecho fiscal internacional &#8211; Manual &#8211; Segunda edici\u00f3n, por V. Uckmar &#8211; G. Corasaniti &#8211; P. de&#8217; Capitani di Vimercate &#8211; C. Corrado Oliva &#8211; ed., en ingl\u00e9s. Cedam 2012<\/em>.<\/p>\n\n<h5 class=\"wp-block-heading\">ART\u00cdCULOS<\/h5>\n\n<p>&#8211;<em>  Art. 4 bis, decreto legislativo\nn.\n546 de 1992 ,    <\/em>en Commentario breve alle leggi del processo tributario, editado por C. Consolo &#8211; C. Glendi, Collana Breviaria Iuris, Cedam, V ediz., 2023.  <\/p>\n\n<p>&#8211;  <em>Art. 55, decreto legislativo\nn.\n546 de 1992 ,    <\/em>en Commentario breve alle leggi del processo tributario, editado por C. Consolo &#8211; C. Glendi, Collana Breviaria Iuris, Cedam, V ediz., 2023.  <\/p>\n\n<p>&#8211;  <em>Art. 57, decreto legislativo\nn.\n546 de 1992 ,    <\/em>en Commentario breve alle leggi del processo tributario, editado por C. Consolo &#8211; C. Glendi, Collana Breviaria Iuris, Cedam, V ediz., 2023.  <\/p>\n\n<p>&#8211;  <em>Art. 58, decreto legislativo\nn.\n546 de 1992  <\/em>, en <em>Commentario breve alle leggi del processo tributario<\/em>, editado por C. Consolo &#8211; C. Glendi, Collana <em>Breviaria Iuris<\/em>, Cedam, 5\u00aa ediz., 2023.<\/p>\n\n<p>&#8211; <em>Fiscal Aspects of Negotiated Settlement<\/em>, en <em>Manuale teorico pratico della composizione negoziata della crisi di impresa<\/em>, editado por F. Fimman\u00f2, ESI Edizioni Scientifiche Italiane, 2023.<\/p>\n\n<p>&#8211;<em> L&#8217;appello nel processo tributario, <\/em>en A. Consolo, G. Melis, A-M. Perrino (ed.) <em>Il giudizio tributario<\/em>, Giuffr\u00e8, 2022, cap. XII, pp. 488 &#8211; 535. <\/p>\n\n<p>&#8211;<em> Los l\u00edmites del recurso en el proyecto de reforma del proceso fiscal: perfiles cr\u00edticos de una norma innecesaria<\/em>, en  <em>Dir. prat. trib.<\/em>  (Revista FASCIA A), n\u00ba. 4\/2022, p. 1125 &#8211; 1139.<\/p>\n\n<p>&#8211;<em> Limitaciones a la recurribilidad de las sentencias del juez tributario monocr\u00e1tico, un \u00abdesencadenante\u00bb mal calibrado<\/em>, en A. Iorio, L. Ambrosi (eds.) <em>Modulo24 Contenzioso tributario<\/em>, Grupo IlSole24Ore, n\u00ba. 3\/2022, 46 &#8211; 6.<\/p>\n\n<p>&#8211;<em> La circolazione della prova tra processo tributario e processi con termini<\/em>, en <em>La riforma della giustizia tributaria <\/em>, editado por Cesare Glendi, Collana \u00abIl Diritto tributario commentato\u00bb (fundado en 1929) Cedam, 2021, p. 187 &#8211; 210.<\/p>\n\n<p>&#8211;<em> Cr\u00edtica y elementos de reflexi\u00f3n sobre los procedimientos y el proceso fiscales <\/em>, Parte IV, \u00c1rea Fiscal, sec. III, cap. 1, del volumen  <em>M\u00e1s all\u00e1 de la crisis. Reflexiones y propuestas sobre los nudos que obstaculizan la reanudaci\u00f3n,  <\/em>editado por L. Guatri, A. Cas\u00f2, F. Vermiglio, ed. Egea, dic. 2020, p. 355 &#8211; 360<em>.<\/em><\/p>\n\n<p>&#8211;<em> Perspectivas para una reforma del sistema de sanciones <\/em>fiscales, Parte IV, \u00c1rea Fiscal, sec. III, cap. 2, del volumen  <em>M\u00e1s all\u00e1 de la crisis. Reflexiones y propuestas sobre los nudos que obstaculizan la reanudaci\u00f3n,  <\/em>editado por L. Guatri, A. Cas\u00f2, F. Vermiglio, ed. Egea, dic. 2020, p. 361 &#8211; 362<em>.<\/em><\/p>\n\n<p>&#8211;<em> Reembolso de los impuestos especiales sobre la energ\u00eda: hay que evitar un cortocircuito<\/em>, art\u00edculo publicado en el diario <em>Il<\/em> <em>sole 24 ore, <\/em>20 de julio de 2020<em>.<\/em><\/p>\n\n<p>&#8211; <em>Impuestos especiales sobre la electricidad: derecho a devoluci\u00f3n por incompatibilidad con el Derecho de la UE y legitimaci\u00f3n<\/em>, en  <em>GT &#8211; Riv. Jur. Trib.<\/em>, 2020, p. 307.<\/p>\n\n<p>&#8211;<em> Zonas francas entre Italia y Am\u00e9rica Latina,<\/em> en <em>Diritto e pratica tributaria, <\/em>2019, pp. 1665 &#8211; 1668.<\/p>\n\n<p>&#8211;<em> IRAP sobre las actividades \u00abadicionales\u00bb de los contables: la prueba de la autoorganizaci\u00f3n<\/em>, en GT &#8211; Riv. Giur. Trib., 2019, pp. 242 &#8211; 248.<\/p>\n\n<p>-Victor Uckmar y el proyecto de la Zona Franca de G\u00e9nova, en Quaderni di Casa America, no. 1, mayo 2019, p. 48 &#8211; 51.<\/p>\n\n<p>&#8211;<em> Reflexiones acerca del contencioso tributario en Italia, en Derecho Tributario: Reflexiones &#8211; Estudio en homenaje a Victor Uckmar,<\/em> Instituto Colombiano de Derecho Tributario, Bogot\u00e1, 2018, 177 &#8211; 198.<\/p>\n\n<p>&#8211;<em> El \u00abreddit\u00f3metro\u00bb: \u00bfpresunci\u00f3n simple o legal (o h\u00edbrida)?,<\/em> en The Legal Daily &#8211; Wolters Kluwer &#8211; 2018.<\/p>\n\n<p>&#8211;<em> El reddit\u00f3metro no viola la privacidad: el Tribunal Supremo &#8216;zanja&#8217;<\/em> la cuesti\u00f3n, en Il Quotidiano Giuridico &#8211; Wolters Kluwer &#8211; 2018.<\/p>\n\n<p>&#8211;<em> Subjects and responsibilities in customs and excise law,<\/em> en Per un nuovo ordinamento tributario, editado por C. Glendi, G. Corasaniti, C. Corrado Oliva y P. de&#8217; Capitani, 2018 (de pr\u00f3xima publicaci\u00f3n).<\/p>\n\n<p>&#8211;<em> El Grupo del IVA en el sistema fiscal italiano: oportunidades y cuestiones cr\u00edticas para las empresas,<\/em> en Memorias de las XXX Jornadas latinoamericanas de derecho tributario, Tema II,<em>  Conjuntos econ\u00f3micos y conglomerados an\u00e1logos. Tratamiento tributario seg\u00fan la normativa y el principio de sustancia contra Forma,<\/em>  2018 (de pr\u00f3xima publicaci\u00f3n).<\/p>\n\n<p>&#8211;<em> Reflexiones acerca del contencioso tributario en Italia, en Homenaje al prof. Victor Uckmar,<\/em> editado por ICDT, Colombia, 2018 (de pr\u00f3xima aparici\u00f3n).<\/p>\n\n<p>&#8211;<em> La evaluaci\u00f3n suplementaria y el l\u00edmite del conocimiento sobrevenido de nuevos elementos,<\/em> en Corr. trib., 2018, pp. 1176 &#8211; 1182.<\/p>\n\n<p>&#8211;<em> Subjetividad del establecimiento permanente y sujeci\u00f3n a la actividad de valoraci\u00f3n,<\/em> en Derecho y pr\u00e1ctica fiscal internacional (Revista FASCIA A), 2017, vol. 3, pp. 704 &#8211; 722.<\/p>\n\n<p>&#8211;<em> L&#8217;abuso del diritto in ambito tributario tra onere di allegazione e onere della prova,<\/em> en L&#8217;abuso del diritto editado por G. Visintini, Edizioni Scientifiche Italiane, 2016, 379 &#8211; 410.<\/p>\n\n<p>&#8211;<em> El contencioso fiscal en Italia, en Memorias de las XXIX Jornadas latinoamericanas de derecho tributario, tomo IV, Problem\u00e1ticas actuales y nuevas fronteras del los medios de impugnaci\u00f3n nacionales e internacionales,<\/em> Instituto boliviano de estudios tributarios, 2017, ISBN 978-9974-924-0-1.<\/p>\n\n<p>&#8211;<em>  Sujetos y responsabilidades en el derecho de aduanas e impuestos especiales. Situaci\u00f3n actual y perspectivas Informe a la Conferencia \u00abPor un nuevo sistema fiscal\u00bb,<\/em>  en<em> \u00abColecci\u00f3n de documentos preparatorios\u00bb,<\/em> editado por la Fundaci\u00f3n Antonio Uckmar, 2016, Volumen I, 319 &#8211; 356.<\/p>\n\n<p>&#8211;<em> Il contenzioso fiscale in Italia,<\/em> en Memorias de las XXIX Jornadas latinoamericanas de derecho tributario, tomo II,<em> Problem\u00e1ticas actuales y nuevas fronteras de los medios de impugnaci\u00f3n nacionales e internacionales,<\/em> Instituto boliviano de estudios tributarios, 2016, p. 434 &#8211; 449, ISBN 978-99974-65-17-7.<\/p>\n\n<p>&#8211;<em> Profili probatori della residenza fiscale degli atleti nei paradisi fiscali,<\/em> in Lo sport e il fisco, Cedam, Padua, 2016, pp. 101 &#8211; 113.<\/p>\n\n<p>&#8211;<em>  Beps y establecimiento permanente. Algunas consideraciones acerca del m\u00e9todo de intervenci\u00f3n y sobre la eficiencia de las propuestas de modificaci\u00f3n en funci\u00f3n de los objetivos<\/em>  (art\u00edculo en espa\u00f1ol), en <em>Derecho y pr\u00e1ctica fiscal internacional<\/em> (Revista en FASCIA A), 2015, p. 81 &#8211; 99.<\/p>\n\n<p>&#8211;<em> Los efectos de la divulgaci\u00f3n voluntaria, en Divulgaci\u00f3n voluntaria 2.0<\/em>. (editado por la Fondazione Antonio Uckmar con la colaboraci\u00f3n de Milano Finanza y Diritto e pratica tributaria), Class editors, abril de 2015, 97 &#8211; 138.<\/p>\n\n<p>&#8211;<em> Le contentieux fiscal en Italie<\/em> (art\u00edculo en franc\u00e9s) en <em>Revue G\u00e9n\u00e9rale du Contentieux Fiscal,<\/em> n\u00ba. 2\/2015, p. 119 &#8211; 126.<\/p>\n\n<p>&#8211;<em> Evidentiary Profiles of Athletes&#8217; Tax Residence in Tax Havens,<\/em> Informe para la Conferencia<em> Lo sport e il fisco,<\/em> en \u00abRaccolta di interventi preparatori\u00bb, editado por la Fundaci\u00f3n Antonio Uckmar, 2015, 135 &#8211; 156.<\/p>\n\n<p>&#8211;<em> Derechos de aduana e impuestos especiales sobre los productos energ\u00e9ticos y los hid<\/em> rocarburos, en Intrecci tra mare e fisco, Cedam, 2015, 188 &#8211; 202.<\/p>\n\n<p>&#8211;<em> Blanqueo de dinero propio y delitos fiscales: un binomio disonante,<\/em> en <em>The Legal Daily,<\/em> Wolters Kluwer, 9 de enero de 2015.<\/p>\n\n<p>&#8211;<em> Los efectos de la divulgaci\u00f3n voluntaria<\/em> &#8211; en Instrumentos financieros y fiscalidad, 2015, pp. 49 &#8211; 69.<\/p>\n\n<p>&#8211;<em> Derechos de aduana e impuestos especiales sobre los productos energ\u00e9ticos y los aceites<\/em> minerales, Informe para la Conferencia <em>El mar y la fiscalidad,<\/em> en \u00abColecci\u00f3n de documentos preparatorios\u00bb, editado por la Fundaci\u00f3n Antonio Uckmar, 2014, 139 &#8211; 165.<\/p>\n\n<p>&#8211; <em>Fundaciones bancarias: del control bancario a la ausencia de \u00e1nimo de lucro,<\/em> en Rassegna tributaria (Revista en FASCIA A), 2014, pp. 416 &#8211; 452. <\/p>\n\n<p>&#8211;<em> La nueva mediaci\u00f3n fiscal introducida por la Ley de Estabilidad de 2014 debuta el 2 de marzo,<\/em> en <em>Il Quotidiano Giuridico<\/em> &#8211; Wolters Kluwer &#8211; 28 de febrero de 2014.<\/p>\n\n<p>&#8211;<em> The effects of voluntary disclosure, en Voluntary Disclosure <\/em>(editado por la Fundaci\u00f3n Antonio Uckmar con la colaboraci\u00f3n de la C\u00e1mara de Comercio de Mil\u00e1n, Finanzas de Mil\u00e1n y Derecho y Pr\u00e1ctica Fiscal) Editores de clase, 2014, 49 &#8211; 69.<\/p>\n\n<p>&#8211; <em>Soggettivit\u00e0 della<\/em> stabile organizzazione <em>e soggezione all&#8217;attivit\u00e0 accertativa,<\/em> Informe a la Conferencia La stabile organizzazione, Universidad Bocconi, en \u00abRaccolta di interventi preparatori\u00bb, editado por la Fundaci\u00f3n Antonio Uckmar, 2013, 137 &#8211; 154.<\/p>\n\n<p>&#8211;<em> Fundaciones bancarias: del prejuicio por el control bancario a la oportunidad para el mundo no lucrativo,<\/em> en Actas de la conferencia<em> \u00abNo lucrativos y profesionales: cuestiones y propuestas\u00bb,<\/em> publicado por Acb Group.<\/p>\n\n<p>&#8211;<em> Carpetas silenciosas, carpetas locas y los \u00abirresponsables\u00bb<\/em> de los procedimientos, en Dir. prat. trib. (Revista FASCIA A), n\u00ba. 3\/2013, ed. Cedam, 732 &#8211; 735.<\/p>\n\n<p>&#8211;<em> Evoluci\u00f3n y combinaci\u00f3n de los impuestos sobre la renta y el patrimonio de los bienes inmuebles,<\/em> en Dir. prat. trib., n\u00ba 3\/2013 (Revista en Banda A), ed. Cedam, 623 &#8211; 693.<\/p>\n\n<p>&#8211;<em> Si el Gran Hermano Fiscal acaba violando la intimidad,<\/em> en Dir. prat. trib. (Revista FASCIA A), 2013, vol. II. LXXXIV, p. 989 &#8211; 992.<\/p>\n\n<p>&#8211;<em> Esposar a los evasores viola el principio de legalidad,<\/em> en Dir. prat. trib. (Revista FASCIA A), 2013, vol. II. LXXXIV.  <\/p>\n\n<p>&#8211;<em> I redditi fondiari,<\/em> en Trattato di Diritto Immobiliare (dirigido por Giovanna Visintini) &#8211; Volumen Dos &#8211; Editorial Cedam &#8211; 2013, 861 &#8211; 917.<\/p>\n\n<p>&#8211;<em> Las esposas a los evasores violan el principio de legalidad,<\/em> en Il Secolo XIX Pi\u00f9, publicado el mi\u00e9rcoles 3 de julio de 2013, 13.<\/p>\n\n<p>&#8211; Si el Gran Hermano fiscal acaba violando la privacidad, en Il Secolo XIX Pi\u00f9, publicado el mi\u00e9rcoles 1 de mayo de 2013, 5.<\/p>\n\n<p>&#8211;<em> Incluso las empresas \u00abmueren\u00bb y dejan \u00abherederos\u00bb,<\/em> en Il Secolo XIX Pi\u00f9, publicado el mi\u00e9rcoles 10 de abril de 2013, 5.<\/p>\n\n<p>&#8211;<em> Imu: Los puertos italianos navegan a \u00abvista\u00bb,<\/em> en Dir. prat. trib. (Revista FASCIA A), n\u00ba. 1\/2013, 226 &#8211; 228.<\/p>\n\n<p>&#8211;<em> Un impuesto sobre el timbre amenaza con dejar fuera de juego a los Pads,<\/em> en Il Secolo XIX Pi\u00f9, publicado el mi\u00e9rcoles 6 de febrero de 2013, 5.<\/p>\n\n<p>&#8211;<em>  \u00bfImu? &#8211; Con un nuevo catastro y sin multiplicadores,<\/em>  en Il Secolo XIX Pi\u00f9, publicado el mi\u00e9rcoles 23 de enero de 2013, 13.<\/p>\n\n<p>&#8211;<em> O Iva,<\/em> en V. Uckmar, G. Corasaniti, P. de&#8217; Capitani, C. Corrado Oliva, M.A.Greco,<em> S. Rocha, Manual de direito tribut\u00e1rio internacionale &#8211; Aspectos Gerais,<\/em> S\u00e3o Paulo Dialectica, 2012, 196 &#8211; 236 (en portugu\u00e9s).<\/p>\n\n<p>&#8211;<em> Os Tributos Aduaneiros,<\/em> en V. Uckmar, G. Corasaniti, P. de&#8217; Capitani, C. Corrado Oliva, M.A.Greco, S. Rocha, <em>Manual de direito tribut\u00e1rio internacionale &#8211; Aspectos Gerais,<\/em> S\u00e3o Paulo Dialectica, 2012, 161 &#8211; 195 (en portugu\u00e9s).<\/p>\n\n<p>&#8211;<em> Le imposte indirette rilevanti in ambito internazionale<\/em> &#8211; Altri tributi, en V. Uckmar, G. Corasaniti, P. de&#8217; Capitani, C. Corrado Oliva,<em> Diritto tributario internazionale<\/em> &#8211; Manuale, Padua, Cedam, pp. 427 &#8211; 435.<\/p>\n\n<p>&#8211;<em> Le disposizioni fiscali nel diritto dell&#8217;Unione europea &#8211; L&#8217;Iva,<\/em> en V. Uckmar, G. Corasaniti, P. de&#8217; Capitani, C. Corrado Oliva,<em> Diritto tributario internazionale<\/em> &#8211; Manuale, Padua, Cedam, pp. 156 &#8211; 194.<\/p>\n\n<p>&#8211;<em> Le imposte indirette rilevanti in ambito internazionale- I dazi doganali.<\/em> in V. Uckmar, G. Corasaniti, P. de&#8217; Capitani, C. Corrado Oliva, Diritto tributario internazionale &#8211; Manuale, Padua, Cedam, pp. 399 &#8211; 414.<\/p>\n\n<p>&#8211;<em> Le imposte indirette rilevanti in ambito internazionale &#8211; L&#8217;Iva,<\/em> en V. Uckmar, G. Corasaniti, P. de&#8217; Capitani, C. Corrado Oliva, Diritto tributario internazionale &#8211; Manuale, Padua, Cedam, pp. 414 &#8211; 426.<\/p>\n\n<p>&#8211; <em>Le disposizioni fiscali nel diritto dell&#8217;Unione europea &#8211; I dazi doganali,<\/em> en V. Uckmar, G. Corasaniti, P. de&#8217; Capitani, C. Corrado Oliva, Diritto tributario internazionale &#8211; Manuale, Padua, Cedam, pp. 123 &#8211; 156. <\/p>\n\n<p>&#8211;<em>  El abuso de derecho entre la carga de la alegaci\u00f3n y la carga de la prueba, en Dir. prat. trib.<\/em>  (Revista FASCIA A), n\u00ba. 5\/2012, 929 &#8211; 962.<\/p>\n\n<p>&#8211;<em> El abuso de los derechos en el punto de mira,<\/em> Italia Oggi, 30 de junio de 2012.<\/p>\n\n<p>&#8211;<em> L&#8217;abuso del<\/em> <em>diritto<\/em><em> tra onere di allegazione e onere della prova,<\/em> en Atti del Convegno <em>&#8216;Abuso del diritto: tra diritto e abuso&#8217;,<\/em> celebrado en la Universidad de Macerata los d\u00edas 29 y 30 de junio de 2012.<\/p>\n\n<p>&#8211;  <em>Abuso de derechos y elusi\u00f3n en virtud del art\u00edculo 37 bis del Decreto Presidencial n\u00ba. 600 de 1973 a la prueba del principio de legalidad en materia penal,<\/em>  en <em>Instrumentos financieros y fiscalidad,<\/em> n\u00ba. 8\/2012.<\/p>\n\n<p>&#8211;<em> Il regionalismo fiscale dei cantoni nei rapporti con la Confederazione Elvetica<\/em>, en Atti del Convegno <em>\u00abRegionalismo fiscale tra autonomie locali e diritto dell&#8217;Unione Europea\u00bb,<\/em> celebrado en Taormina los d\u00edas 27 y 28 de abril de 2012.<\/p>\n\n<p>&#8211;<em>  La coexistencia an\u00f3mala de la recaudaci\u00f3n fraccionada y la suspensi\u00f3n cautelar. Reflexiones al margen de la reforma sobre la concentraci\u00f3n de la recaudaci\u00f3n en la evaluaci\u00f3n<\/em>  en <em>\u00abLa concentrazione della riscossione nell&#8217;accertamento\u00bb,<\/em> editado por Glendi &#8211; Uckmar, Cedam, 2011, 613 &#8211; 638.<\/p>\n\n<p>&#8211;<em> L&#8217;anomala coesistenza di riscossione frazionata e sospensione cautelare<\/em> in Atti del Convegno<em> \u00abLa concentrazione della riscossione nell&#8217;accertamento\u00bb, <\/em>celebrado en Sanremo los d\u00edas 3 y 4 de junio de 2011 y en Brescia el 15 de julio de 2011.<\/p>\n\n<p>&#8211;<em> La Agenzia delle Entrate establece directrices para un control estricto de las \u00abdeclaraciones confidenciales\u00bb,<\/em> en Instrumentos financieros y fiscalidad, n\u00ba. 3\/2011, 141 &#8211; 156.<\/p>\n\n<p>&#8211;<em> IVA comunitario, en Trattato notarile &#8211; Atti notarili: diritto comunitario e internazionale,<\/em> editorial UTET, 2011, 1631 &#8211; 1664.<\/p>\n\n<p>&#8211;<em> Cotitularidad de las relaciones bancarias, presunci\u00f3n de cotitularidad y libertad de prueba en contrario,<\/em> en <em>Instrumentos financieros y fiscalidad,<\/em> n\u00ba. 1\/2010, 97 &#8211; 113.<\/p>\n\n<p>&#8211; <em>Effetti dello &#8216;Scudo fiscale&#8217; sugli accertamenti tributari<\/em>, en <em>Lo scudo fiscale (II edizione aggiornato),<\/em> publicado por Italia Oggi, 2009, 83 &#8211; 105.<\/p>\n\n<p>&#8211; <em>Efectos del \u00abescudo fiscal\u00bb en las liquidaciones de impuestos,<\/em> en <em>Lo scudo fiscale, publicado por Italia Oggi,<\/em> 2009, 61 &#8211; 79.<\/p>\n\n<p>&#8211; El<em> Tribunal Supremo profundiza en el tema de la incertidumbre en la interpretaci\u00f3n de las normas,<\/em> nota a la sentencia Cass., sez. trib., 28 de noviembre de 2007, n\u00ba 24670, en<em> \u00abRepertorio Contenzioso e Imposte Indirette\u00bb<\/em>&#8211; base de datos telem\u00e1tica editada por la Fundaci\u00f3n Antonio Uckmar &#8211; abril de 2009.<\/p>\n\n<p>&#8211;<em> Fermo amministrativo, la giurisdizione dopo il decreto Visco,<\/em> nota a sentenza Cass., sez. trib., 5 giugno 2008, n. 14831, in <em>\u00abRepertorio Contenzioso e Imposte Indirette\u00bb<\/em>&#8211; Banca dati telematica a cura della Fondazione Antonio Uckmar &#8211; Aprile 2009.  <\/p>\n\n<p>&#8211;<em> Admisible el recurso sin defensor t\u00e9cnico,<\/em> nota a la sentencia Cass., sez. trib., 2 de diciembre de 2004, n\u00ba 22601, en <em>\u00abRepertorio Contenzioso e Imposte Indirette\u00bb<\/em> Base de datos telem\u00e1tica editada por la Fundaci\u00f3n Antonio Uckmar &#8211; Abril 2009;<\/p>\n\n<p>&#8211;<em> Catasto a Milano tra microzone e maxirendite,<\/em> art\u00edculo publicado en Italia Oggi el 19 de marzo de 2009.<\/p>\n\n<p>&#8211;<em> Alcune riflessioni intorno a giurisdizione tributaria e impugnabilit\u00e0 degli atti alla luce dei pi\u00f9 recenti interventi legislativi,<\/em> en Atti del Convegno <em>\u00abGli ottanta anni di Diritto e pratica tributaria\u00bb,<\/em> celebrado en G\u00e9nova los d\u00edas 9 y 10 de febrero de 2007, publicado por Cedam, 2007, 485 &#8211; 500.<\/p>\n\n<p>&#8211;<em> Informe a la Conferencia \u00abOchenta a\u00f1os de derecho y pr\u00e1ctica fiscal\u00bb,<\/em> en <em>\u00abRaccolta di interventi preparatori\u00bb,<\/em> editado por la Fundaci\u00f3n Antonio Uckmar, 2007, 451 &#8211; 464.<\/p>\n\n<p>&#8211;<em> I rapporti tra istruttoria amministrativa ed istruttoria proceduale<\/em>, en <em>Codice del processo tributario<\/em>, dirigido por V. Uckmar y F. Tundo, Celt &#8211; Casa editrice La tribuna, 2007, 539 &#8211; 552.<\/p>\n\n<p>&#8211;<em>  Manovra &#8211; bis: Nuove modalit\u00e0 di accertamento per i trasferimenti immobiliari, en Dir. prat. trib.  <\/em>(Revista FASCIA A), n\u00ba. 5\/2006, 983 &#8211; 1004.<\/p>\n\n<p>&#8211;<em>  La generalizaci\u00f3n de la jurisdicci\u00f3n fiscal y la predeterminaci\u00f3n normativa de los actos recurribles, en Dir. prat. trib.<\/em>  (Revista FASCIA A), n\u00ba. 2\/2006, 311 &#8211; 332.<\/p>\n\n<p>&#8211; Il regime impositivo degli strumenti finanziari produttivi di redditi da partecipazione, en Diritto tributario delle societ\u00e0, II ed., serie Trattato teorico pratico delle societ\u00e0, editado por G. Schiano di Pepe, Ipsoa, 2005, 53 &#8211; 110.<\/p>\n\n<p>&#8211;<em> La formazione della prova, en Ispezioni e verifiche tributarie<\/em>, editado por V. Uckmar y F. Tundo, Celt &#8211; Casa editrice La tribuna, 2005, 533 &#8211; 544.<\/p>\n\n<p>&#8211;  <em>Litigios fiscales. Revisi\u00f3n de jurisprudencia, tercera parte, en Dir. prat. trib.<\/em>  (Revista FASCIA A), n\u00ba. 2\/2003, 456 &#8211; 484.<\/p>\n\n<p>&#8211;<em> La chiusura delle liti pendenti, en Condoni e scudo fiscale 2003, suplemento de Italia Oggi, 2003,<\/em> 56 &#8211; 64 (coautor: Paolo de&#8217; Capitani).<\/p>\n\n<p>&#8211;<em>  Litigios fiscales. Revisi\u00f3n de jurisprudencia, segunda parte, en Dir. prat. trib.<\/em>  (Revista FASCIA A), 2001, 307 &#8211; 385.<\/p>\n\n<p>&#8211;<em>  Litigios fiscales. Revisi\u00f3n de jurisprudencia, primera parte, en Dir. prat. trib.<\/em>  (Revista FASCIA A), 2000, 983 &#8211; 1042.<\/p>\n\n<p>&#8211;  <em>Sobre la relaci\u00f3n entre la adjudicaci\u00f3n y los defectos de inadmisibilidad e inexistencia en los procedimientos fiscales, en Dir. prat. trib.  <\/em>(Rese\u00f1a en FASCIA A), Cedam, Padua, 2000, 1135 &#8211; 1151.<\/p>\n","protected":false},"excerpt":{"rendered":"<p>SEDE CENTRAL G\u00e9nova &#8211; Mil\u00e1n &#8211; Roma c.oliva@uckmar.com Socio de la Asociaci\u00f3n Profesional Studio Uckmar (desde diciembre de 2006) Profesor de Derecho Fiscal en la Universitas Mercatorum \u00c1REAS DE ACTIVIDAD &#8211; Derecho fiscal, nacional e internacional &#8211; Contencioso fiscal &#8211; Aduanas e impuestos especiales &#8211; Derecho de sociedades, sustantivo y procesal TITULACI\u00d3N ACAD\u00c9MICA Y CUALIFICACI\u00d3N [&hellip;]<\/p>\n","protected":false},"author":2,"featured_media":2242,"comment_status":"open","ping_status":"open","sticky":false,"template":"","format":"standard","meta":{"_et_pb_use_builder":"off","_et_pb_old_content":"","_et_gb_content_width":"","footnotes":""},"categories":[24],"tags":[],"class_list":["post-2504","post","type-post","status-publish","format-standard","has-post-thumbnail","hentry","category-profesionales"],"yoast_head":"<!-- This site is optimized with the Yoast SEO plugin v27.5 - https:\/\/yoast.com\/product\/yoast-seo-wordpress\/ -->\n<title>Prof. Abog. Caterina Corrado Oliva - Studio Uckmar<\/title>\n<meta name=\"robots\" content=\"index, follow, max-snippet:-1, max-image-preview:large, max-video-preview:-1\" \/>\n<link rel=\"canonical\" href=\"https:\/\/www.studiouckmar.com\/es\/prof-abog-caterina-corrado-oliva\/\" \/>\n<meta property=\"og:locale\" content=\"es_ES\" \/>\n<meta property=\"og:type\" content=\"article\" \/>\n<meta property=\"og:title\" content=\"Prof. Abog. Caterina Corrado Oliva - Studio Uckmar\" \/>\n<meta property=\"og:description\" content=\"SEDE CENTRAL G\u00e9nova &#8211; Mil\u00e1n &#8211; Roma c.oliva@uckmar.com Socio de la Asociaci\u00f3n Profesional Studio Uckmar (desde diciembre de 2006) Profesor de Derecho Fiscal en la Universitas Mercatorum \u00c1REAS DE ACTIVIDAD &#8211; Derecho fiscal, nacional e internacional &#8211; Contencioso fiscal &#8211; Aduanas e impuestos especiales &#8211; Derecho de sociedades, sustantivo y procesal TITULACI\u00d3N ACAD\u00c9MICA Y CUALIFICACI\u00d3N [&hellip;]\" \/>\n<meta property=\"og:url\" content=\"https:\/\/www.studiouckmar.com\/es\/prof-abog-caterina-corrado-oliva\/\" \/>\n<meta property=\"og:site_name\" content=\"Studio Uckmar\" \/>\n<meta property=\"article:published_time\" content=\"2024-11-19T15:36:02+00:00\" \/>\n<meta property=\"article:modified_time\" content=\"2024-11-19T15:58:16+00:00\" \/>\n<meta property=\"og:image\" content=\"https:\/\/www.studiouckmar.com\/wp-content\/uploads\/2022\/07\/Caterina-corrado-oliva-studio-uckmar.jpg\" \/>\n\t<meta property=\"og:image:width\" content=\"1238\" \/>\n\t<meta property=\"og:image:height\" content=\"1600\" \/>\n\t<meta property=\"og:image:type\" content=\"image\/jpeg\" \/>\n<meta name=\"author\" content=\"giuliana\" \/>\n<meta name=\"twitter:card\" content=\"summary_large_image\" \/>\n<meta name=\"twitter:label1\" content=\"Escrito por\" \/>\n\t<meta name=\"twitter:data1\" content=\"giuliana\" \/>\n\t<meta name=\"twitter:label2\" content=\"Tiempo de lectura\" \/>\n\t<meta name=\"twitter:data2\" content=\"15 minutos\" \/>\n<script type=\"application\/ld+json\" class=\"yoast-schema-graph\">{\"@context\":\"https:\\\/\\\/schema.org\",\"@graph\":[{\"@type\":\"Article\",\"@id\":\"https:\\\/\\\/www.studiouckmar.com\\\/es\\\/prof-abog-caterina-corrado-oliva\\\/#article\",\"isPartOf\":{\"@id\":\"https:\\\/\\\/www.studiouckmar.com\\\/es\\\/prof-abog-caterina-corrado-oliva\\\/\"},\"author\":{\"name\":\"giuliana\",\"@id\":\"https:\\\/\\\/www.studiouckmar.com\\\/#\\\/schema\\\/person\\\/969d8f4f8c54eb716f2f5d40e37a74d5\"},\"headline\":\"Prof. Abog. Caterina Corrado Oliva\",\"datePublished\":\"2024-11-19T15:36:02+00:00\",\"dateModified\":\"2024-11-19T15:58:16+00:00\",\"mainEntityOfPage\":{\"@id\":\"https:\\\/\\\/www.studiouckmar.com\\\/es\\\/prof-abog-caterina-corrado-oliva\\\/\"},\"wordCount\":2937,\"commentCount\":0,\"image\":{\"@id\":\"https:\\\/\\\/www.studiouckmar.com\\\/es\\\/prof-abog-caterina-corrado-oliva\\\/#primaryimage\"},\"thumbnailUrl\":\"https:\\\/\\\/www.studiouckmar.com\\\/wp-content\\\/uploads\\\/2022\\\/07\\\/Caterina-corrado-oliva-studio-uckmar.jpg\",\"articleSection\":[\"Profesionales\"],\"inLanguage\":\"es\",\"potentialAction\":[{\"@type\":\"CommentAction\",\"name\":\"Comment\",\"target\":[\"https:\\\/\\\/www.studiouckmar.com\\\/es\\\/prof-abog-caterina-corrado-oliva\\\/#respond\"]}]},{\"@type\":\"WebPage\",\"@id\":\"https:\\\/\\\/www.studiouckmar.com\\\/es\\\/prof-abog-caterina-corrado-oliva\\\/\",\"url\":\"https:\\\/\\\/www.studiouckmar.com\\\/es\\\/prof-abog-caterina-corrado-oliva\\\/\",\"name\":\"Prof. Abog. Caterina Corrado Oliva - Studio Uckmar\",\"isPartOf\":{\"@id\":\"https:\\\/\\\/www.studiouckmar.com\\\/#website\"},\"primaryImageOfPage\":{\"@id\":\"https:\\\/\\\/www.studiouckmar.com\\\/es\\\/prof-abog-caterina-corrado-oliva\\\/#primaryimage\"},\"image\":{\"@id\":\"https:\\\/\\\/www.studiouckmar.com\\\/es\\\/prof-abog-caterina-corrado-oliva\\\/#primaryimage\"},\"thumbnailUrl\":\"https:\\\/\\\/www.studiouckmar.com\\\/wp-content\\\/uploads\\\/2022\\\/07\\\/Caterina-corrado-oliva-studio-uckmar.jpg\",\"datePublished\":\"2024-11-19T15:36:02+00:00\",\"dateModified\":\"2024-11-19T15:58:16+00:00\",\"author\":{\"@id\":\"https:\\\/\\\/www.studiouckmar.com\\\/#\\\/schema\\\/person\\\/969d8f4f8c54eb716f2f5d40e37a74d5\"},\"breadcrumb\":{\"@id\":\"https:\\\/\\\/www.studiouckmar.com\\\/es\\\/prof-abog-caterina-corrado-oliva\\\/#breadcrumb\"},\"inLanguage\":\"es\",\"potentialAction\":[{\"@type\":\"ReadAction\",\"target\":[\"https:\\\/\\\/www.studiouckmar.com\\\/es\\\/prof-abog-caterina-corrado-oliva\\\/\"]}]},{\"@type\":\"ImageObject\",\"inLanguage\":\"es\",\"@id\":\"https:\\\/\\\/www.studiouckmar.com\\\/es\\\/prof-abog-caterina-corrado-oliva\\\/#primaryimage\",\"url\":\"https:\\\/\\\/www.studiouckmar.com\\\/wp-content\\\/uploads\\\/2022\\\/07\\\/Caterina-corrado-oliva-studio-uckmar.jpg\",\"contentUrl\":\"https:\\\/\\\/www.studiouckmar.com\\\/wp-content\\\/uploads\\\/2022\\\/07\\\/Caterina-corrado-oliva-studio-uckmar.jpg\",\"width\":1238,\"height\":1600},{\"@type\":\"BreadcrumbList\",\"@id\":\"https:\\\/\\\/www.studiouckmar.com\\\/es\\\/prof-abog-caterina-corrado-oliva\\\/#breadcrumb\",\"itemListElement\":[{\"@type\":\"ListItem\",\"position\":1,\"name\":\"Home\",\"item\":\"https:\\\/\\\/www.studiouckmar.com\\\/es\\\/pagina-de-inicio\\\/\"},{\"@type\":\"ListItem\",\"position\":2,\"name\":\"Prof. Abog. Caterina Corrado Oliva\"}]},{\"@type\":\"WebSite\",\"@id\":\"https:\\\/\\\/www.studiouckmar.com\\\/#website\",\"url\":\"https:\\\/\\\/www.studiouckmar.com\\\/\",\"name\":\"Studio Uckmar\",\"description\":\"associazione avvocati professionale\",\"potentialAction\":[{\"@type\":\"SearchAction\",\"target\":{\"@type\":\"EntryPoint\",\"urlTemplate\":\"https:\\\/\\\/www.studiouckmar.com\\\/?s={search_term_string}\"},\"query-input\":{\"@type\":\"PropertyValueSpecification\",\"valueRequired\":true,\"valueName\":\"search_term_string\"}}],\"inLanguage\":\"es\"},{\"@type\":\"Person\",\"@id\":\"https:\\\/\\\/www.studiouckmar.com\\\/#\\\/schema\\\/person\\\/969d8f4f8c54eb716f2f5d40e37a74d5\",\"name\":\"giuliana\",\"image\":{\"@type\":\"ImageObject\",\"inLanguage\":\"es\",\"@id\":\"https:\\\/\\\/secure.gravatar.com\\\/avatar\\\/dad2c63e04a058eb800af186bda769919d993e72c4931473299f441f5f25e32b?s=96&d=mm&r=g\",\"url\":\"https:\\\/\\\/secure.gravatar.com\\\/avatar\\\/dad2c63e04a058eb800af186bda769919d993e72c4931473299f441f5f25e32b?s=96&d=mm&r=g\",\"contentUrl\":\"https:\\\/\\\/secure.gravatar.com\\\/avatar\\\/dad2c63e04a058eb800af186bda769919d993e72c4931473299f441f5f25e32b?s=96&d=mm&r=g\",\"caption\":\"giuliana\"},\"url\":\"https:\\\/\\\/www.studiouckmar.com\\\/es\\\/author\\\/giuliana\\\/\"}]}<\/script>\n<!-- \/ Yoast SEO plugin. -->","yoast_head_json":{"title":"Prof. Abog. Caterina Corrado Oliva - Studio Uckmar","robots":{"index":"index","follow":"follow","max-snippet":"max-snippet:-1","max-image-preview":"max-image-preview:large","max-video-preview":"max-video-preview:-1"},"canonical":"https:\/\/www.studiouckmar.com\/es\/prof-abog-caterina-corrado-oliva\/","og_locale":"es_ES","og_type":"article","og_title":"Prof. Abog. Caterina Corrado Oliva - Studio Uckmar","og_description":"SEDE CENTRAL G\u00e9nova &#8211; Mil\u00e1n &#8211; Roma c.oliva@uckmar.com Socio de la Asociaci\u00f3n Profesional Studio Uckmar (desde diciembre de 2006) Profesor de Derecho Fiscal en la Universitas Mercatorum \u00c1REAS DE ACTIVIDAD &#8211; Derecho fiscal, nacional e internacional &#8211; Contencioso fiscal &#8211; Aduanas e impuestos especiales &#8211; Derecho de sociedades, sustantivo y procesal TITULACI\u00d3N ACAD\u00c9MICA Y CUALIFICACI\u00d3N [&hellip;]","og_url":"https:\/\/www.studiouckmar.com\/es\/prof-abog-caterina-corrado-oliva\/","og_site_name":"Studio Uckmar","article_published_time":"2024-11-19T15:36:02+00:00","article_modified_time":"2024-11-19T15:58:16+00:00","og_image":[{"width":1238,"height":1600,"url":"https:\/\/www.studiouckmar.com\/wp-content\/uploads\/2022\/07\/Caterina-corrado-oliva-studio-uckmar.jpg","type":"image\/jpeg"}],"author":"giuliana","twitter_card":"summary_large_image","twitter_misc":{"Escrito por":"giuliana","Tiempo de lectura":"15 minutos"},"schema":{"@context":"https:\/\/schema.org","@graph":[{"@type":"Article","@id":"https:\/\/www.studiouckmar.com\/es\/prof-abog-caterina-corrado-oliva\/#article","isPartOf":{"@id":"https:\/\/www.studiouckmar.com\/es\/prof-abog-caterina-corrado-oliva\/"},"author":{"name":"giuliana","@id":"https:\/\/www.studiouckmar.com\/#\/schema\/person\/969d8f4f8c54eb716f2f5d40e37a74d5"},"headline":"Prof. Abog. Caterina Corrado Oliva","datePublished":"2024-11-19T15:36:02+00:00","dateModified":"2024-11-19T15:58:16+00:00","mainEntityOfPage":{"@id":"https:\/\/www.studiouckmar.com\/es\/prof-abog-caterina-corrado-oliva\/"},"wordCount":2937,"commentCount":0,"image":{"@id":"https:\/\/www.studiouckmar.com\/es\/prof-abog-caterina-corrado-oliva\/#primaryimage"},"thumbnailUrl":"https:\/\/www.studiouckmar.com\/wp-content\/uploads\/2022\/07\/Caterina-corrado-oliva-studio-uckmar.jpg","articleSection":["Profesionales"],"inLanguage":"es","potentialAction":[{"@type":"CommentAction","name":"Comment","target":["https:\/\/www.studiouckmar.com\/es\/prof-abog-caterina-corrado-oliva\/#respond"]}]},{"@type":"WebPage","@id":"https:\/\/www.studiouckmar.com\/es\/prof-abog-caterina-corrado-oliva\/","url":"https:\/\/www.studiouckmar.com\/es\/prof-abog-caterina-corrado-oliva\/","name":"Prof. Abog. Caterina Corrado Oliva - Studio Uckmar","isPartOf":{"@id":"https:\/\/www.studiouckmar.com\/#website"},"primaryImageOfPage":{"@id":"https:\/\/www.studiouckmar.com\/es\/prof-abog-caterina-corrado-oliva\/#primaryimage"},"image":{"@id":"https:\/\/www.studiouckmar.com\/es\/prof-abog-caterina-corrado-oliva\/#primaryimage"},"thumbnailUrl":"https:\/\/www.studiouckmar.com\/wp-content\/uploads\/2022\/07\/Caterina-corrado-oliva-studio-uckmar.jpg","datePublished":"2024-11-19T15:36:02+00:00","dateModified":"2024-11-19T15:58:16+00:00","author":{"@id":"https:\/\/www.studiouckmar.com\/#\/schema\/person\/969d8f4f8c54eb716f2f5d40e37a74d5"},"breadcrumb":{"@id":"https:\/\/www.studiouckmar.com\/es\/prof-abog-caterina-corrado-oliva\/#breadcrumb"},"inLanguage":"es","potentialAction":[{"@type":"ReadAction","target":["https:\/\/www.studiouckmar.com\/es\/prof-abog-caterina-corrado-oliva\/"]}]},{"@type":"ImageObject","inLanguage":"es","@id":"https:\/\/www.studiouckmar.com\/es\/prof-abog-caterina-corrado-oliva\/#primaryimage","url":"https:\/\/www.studiouckmar.com\/wp-content\/uploads\/2022\/07\/Caterina-corrado-oliva-studio-uckmar.jpg","contentUrl":"https:\/\/www.studiouckmar.com\/wp-content\/uploads\/2022\/07\/Caterina-corrado-oliva-studio-uckmar.jpg","width":1238,"height":1600},{"@type":"BreadcrumbList","@id":"https:\/\/www.studiouckmar.com\/es\/prof-abog-caterina-corrado-oliva\/#breadcrumb","itemListElement":[{"@type":"ListItem","position":1,"name":"Home","item":"https:\/\/www.studiouckmar.com\/es\/pagina-de-inicio\/"},{"@type":"ListItem","position":2,"name":"Prof. Abog. Caterina Corrado Oliva"}]},{"@type":"WebSite","@id":"https:\/\/www.studiouckmar.com\/#website","url":"https:\/\/www.studiouckmar.com\/","name":"Studio Uckmar","description":"associazione avvocati professionale","potentialAction":[{"@type":"SearchAction","target":{"@type":"EntryPoint","urlTemplate":"https:\/\/www.studiouckmar.com\/?s={search_term_string}"},"query-input":{"@type":"PropertyValueSpecification","valueRequired":true,"valueName":"search_term_string"}}],"inLanguage":"es"},{"@type":"Person","@id":"https:\/\/www.studiouckmar.com\/#\/schema\/person\/969d8f4f8c54eb716f2f5d40e37a74d5","name":"giuliana","image":{"@type":"ImageObject","inLanguage":"es","@id":"https:\/\/secure.gravatar.com\/avatar\/dad2c63e04a058eb800af186bda769919d993e72c4931473299f441f5f25e32b?s=96&d=mm&r=g","url":"https:\/\/secure.gravatar.com\/avatar\/dad2c63e04a058eb800af186bda769919d993e72c4931473299f441f5f25e32b?s=96&d=mm&r=g","contentUrl":"https:\/\/secure.gravatar.com\/avatar\/dad2c63e04a058eb800af186bda769919d993e72c4931473299f441f5f25e32b?s=96&d=mm&r=g","caption":"giuliana"},"url":"https:\/\/www.studiouckmar.com\/es\/author\/giuliana\/"}]}},"_links":{"self":[{"href":"https:\/\/www.studiouckmar.com\/es\/wp-json\/wp\/v2\/posts\/2504","targetHints":{"allow":["GET"]}}],"collection":[{"href":"https:\/\/www.studiouckmar.com\/es\/wp-json\/wp\/v2\/posts"}],"about":[{"href":"https:\/\/www.studiouckmar.com\/es\/wp-json\/wp\/v2\/types\/post"}],"author":[{"embeddable":true,"href":"https:\/\/www.studiouckmar.com\/es\/wp-json\/wp\/v2\/users\/2"}],"replies":[{"embeddable":true,"href":"https:\/\/www.studiouckmar.com\/es\/wp-json\/wp\/v2\/comments?post=2504"}],"version-history":[{"count":3,"href":"https:\/\/www.studiouckmar.com\/es\/wp-json\/wp\/v2\/posts\/2504\/revisions"}],"predecessor-version":[{"id":2512,"href":"https:\/\/www.studiouckmar.com\/es\/wp-json\/wp\/v2\/posts\/2504\/revisions\/2512"}],"wp:featuredmedia":[{"embeddable":true,"href":"https:\/\/www.studiouckmar.com\/es\/wp-json\/wp\/v2\/media\/2242"}],"wp:attachment":[{"href":"https:\/\/www.studiouckmar.com\/es\/wp-json\/wp\/v2\/media?parent=2504"}],"wp:term":[{"taxonomy":"category","embeddable":true,"href":"https:\/\/www.studiouckmar.com\/es\/wp-json\/wp\/v2\/categories?post=2504"},{"taxonomy":"post_tag","embeddable":true,"href":"https:\/\/www.studiouckmar.com\/es\/wp-json\/wp\/v2\/tags?post=2504"}],"curies":[{"name":"wp","href":"https:\/\/api.w.org\/{rel}","templated":true}]}}